{"id":7497,"date":"2022-08-01T17:33:00","date_gmt":"2022-08-01T15:33:00","guid":{"rendered":"https:\/\/www.patrickdenis.info\/WordPress3\/?p=7497"},"modified":"2024-08-01T17:52:11","modified_gmt":"2024-08-01T15:52:11","slug":"the-lulu-projekt-avignon-2022","status":"publish","type":"post","link":"https:\/\/www.patrickdenis.info\/WordPress3\/the-lulu-projekt-avignon-2022\/","title":{"rendered":"The Lulu Projekt &#8211; Avignon 2022"},"content":{"rendered":"\t\t<div data-elementor-type=\"wp-post\" data-elementor-id=\"7497\" class=\"elementor elementor-7497\" data-elementor-post-type=\"post\">\n\t\t\t\t\t\t<section class=\"elementor-section elementor-top-section elementor-element elementor-element-ed8e8dd elementor-section-boxed elementor-section-height-default elementor-section-height-default\" data-id=\"ed8e8dd\" data-element_type=\"section\" data-e-type=\"section\">\n\t\t\t\t\t\t<div class=\"elementor-container elementor-column-gap-default\">\n\t\t\t\t\t<div class=\"elementor-column elementor-col-100 elementor-top-column elementor-element elementor-element-9de3711\" data-id=\"9de3711\" data-element_type=\"column\" data-e-type=\"column\">\n\t\t\t<div class=\"elementor-widget-wrap elementor-element-populated\">\n\t\t\t\t\t\t<div class=\"elementor-element elementor-element-1ad61ab elementor-widget elementor-widget-heading\" data-id=\"1ad61ab\" data-element_type=\"widget\" data-e-type=\"widget\" data-widget_type=\"heading.default\">\n\t\t\t\t<div class=\"elementor-widget-container\">\n\t\t\t\t\t<h2 class=\"elementor-heading-title elementor-size-default\">Festival d'Avignon OFF - The Lulu projekt On aime<\/h2>\t\t\t\t<\/div>\n\t\t\t\t<\/div>\n\t\t\t\t\t<\/div>\n\t\t<\/div>\n\t\t\t\t\t<\/div>\n\t\t<\/section>\n\t\t\t\t<section class=\"elementor-section elementor-top-section elementor-element elementor-element-8753bd1 elementor-section-boxed elementor-section-height-default elementor-section-height-default\" data-id=\"8753bd1\" data-element_type=\"section\" data-e-type=\"section\">\n\t\t\t\t\t\t<div class=\"elementor-container elementor-column-gap-default\">\n\t\t\t\t\t<div class=\"elementor-column elementor-col-100 elementor-top-column elementor-element elementor-element-de2849c\" data-id=\"de2849c\" data-element_type=\"column\" data-e-type=\"column\">\n\t\t\t<div class=\"elementor-widget-wrap elementor-element-populated\">\n\t\t\t\t\t\t<div class=\"elementor-element elementor-element-6581d5b elementor-widget elementor-widget-image\" data-id=\"6581d5b\" data-element_type=\"widget\" data-e-type=\"widget\" data-widget_type=\"image.default\">\n\t\t\t\t<div class=\"elementor-widget-container\">\n\t\t\t\t\t\t\t\t\t\t\t\t\t\t\t<img fetchpriority=\"high\" decoding=\"async\" width=\"2048\" height=\"1367\" src=\"https:\/\/www.patrickdenis.info\/WordPress3\/wp-content\/uploads\/2022\/10\/IMG_7628.jpg\" class=\"attachment-2048x2048 size-2048x2048 wp-image-3915\" alt=\"\" srcset=\"https:\/\/www.patrickdenis.info\/WordPress3\/wp-content\/uploads\/2022\/10\/IMG_7628.jpg 2048w, https:\/\/www.patrickdenis.info\/WordPress3\/wp-content\/uploads\/2022\/10\/IMG_7628-300x200.jpg 300w, https:\/\/www.patrickdenis.info\/WordPress3\/wp-content\/uploads\/2022\/10\/IMG_7628-1024x684.jpg 1024w, https:\/\/www.patrickdenis.info\/WordPress3\/wp-content\/uploads\/2022\/10\/IMG_7628-768x513.jpg 768w, https:\/\/www.patrickdenis.info\/WordPress3\/wp-content\/uploads\/2022\/10\/IMG_7628-2000x1335.jpg 2000w, https:\/\/www.patrickdenis.info\/WordPress3\/wp-content\/uploads\/2022\/10\/IMG_7628-1536x1025.jpg 1536w\" sizes=\"(max-width: 2048px) 100vw, 2048px\" \/>\t\t\t\t\t\t\t\t\t\t\t\t\t\t\t<\/div>\n\t\t\t\t<\/div>\n\t\t\t\t\t<\/div>\n\t\t<\/div>\n\t\t\t\t\t<\/div>\n\t\t<\/section>\n\t\t\t\t<section class=\"elementor-section elementor-top-section elementor-element elementor-element-863751c elementor-section-boxed elementor-section-height-default elementor-section-height-default\" data-id=\"863751c\" data-element_type=\"section\" data-e-type=\"section\">\n\t\t\t\t\t\t<div class=\"elementor-container elementor-column-gap-default\">\n\t\t\t\t\t<div class=\"elementor-column elementor-col-100 elementor-top-column elementor-element elementor-element-d656ae6\" data-id=\"d656ae6\" data-element_type=\"column\" data-e-type=\"column\">\n\t\t\t<div class=\"elementor-widget-wrap elementor-element-populated\">\n\t\t\t\t\t\t<div class=\"elementor-element elementor-element-83ce6ec elementor-widget elementor-widget-text-editor\" data-id=\"83ce6ec\" data-element_type=\"widget\" data-e-type=\"widget\" data-widget_type=\"text-editor.default\">\n\t\t\t\t<div class=\"elementor-widget-container\">\n\t\t\t\t\t\t\t\t\t<p>L\u2019histoire se passe du temps o\u00f9 le rideau de fer s\u00e9parait l\u2019est et l\u2019ouest en Europe. Lulu vit avec sa famille dans une tour et son avenir est plut\u00f4t compromis car sa m\u00e8re souhaitait qu\u2019il int\u00e8gre une \u00e9cole militaire, mais non\u2026 Lulu a trich\u00e9 aux tests d\u2019aptitude en stimulant des probl\u00e8mes de vue.<\/p><p>Depuis il porte des lunettes, \u00ab\u00a0des culs de bouteille\u00a0\u00bb, il travaille \u00e0 l\u2019abattoir sur la chaine de conditionnement alors qu\u2019il r\u00eavait d\u2019\u00eatre astronaute\u00a0! Incompris et rejet\u00e9 par sa famille, Lulu se r\u00e9fugie dans l\u2019alcool avec de la musique punk qu\u2019il \u00e9coute \u00e0 fond\u00a0: les sex pistols, Nirvana, Marylin Manson, Nina Hagen\u2026<\/p><p><em>\u00ab\u00a0Il existe des fuites comparables aux fuites d\u2019eau, dans la conscience de chaque personne. Il existe \u00e9galement des fuites d\u2019int\u00e9r\u00eat, des fuites de sentiments, des fuites d\u2019\u00e9nergie, des fuites d\u2019imagination. Il existe encore une autre sorte de fuite dite\u00a0: fuite en avant.<\/em>\u00a0\u00bb\u00a0: \u00a0La fuite en avant, c\u2019est celle que Lulu a choisi\u00a0! celle de se marginaliser \u00e0 outrance jusqu\u2019au jour o\u00f9 Lulu d\u00e9couvre \u2026 L\u2019amour\u00a0!<\/p><p>Je n\u2019en dirais pas plus pour m\u00e9nager l\u2019intrigue, mais ce questionnement de Lulu pourrait r\u00e9sumer la pi\u00e8ce\u00a0: <em>\u00ab\u00a0Il vaut mieux br\u00fbler franchement que s\u2019\u00e9teindre \u00e0 petit feu, non ?\u00a0\u00bb<\/em><\/p><p><strong>The Lulu projekt \u2013 11. Avignon<\/strong><br \/>Jusqu\u2019au 29 juillet \u00e0 16h45 &#8211; Rel\u00e2che : 26 juillet<br \/>Tarifs : 20\/ 14\/ 8 \u20ac<br \/>R\u00e9servations\u00a0: +33 4 84 51 20 10<\/p><p><a href=\"https:\/\/www.laprovence.com\/article\/critiques-avignon-off\/6849750\/festival-off-the-lulu-projekt-on-aime.html\" target=\"_blank\" rel=\"noopener\">&gt;&gt;&gt;&gt; Publication originale &lt;&lt;&lt;&lt;<\/a><\/p>\t\t\t\t\t\t\t\t<\/div>\n\t\t\t\t<\/div>\n\t\t\t\t<div class=\"elementor-element elementor-element-2eec318 elementor-widget elementor-widget-image\" data-id=\"2eec318\" data-element_type=\"widget\" data-e-type=\"widget\" data-widget_type=\"image.default\">\n\t\t\t\t<div class=\"elementor-widget-container\">\n\t\t\t\t\t\t\t\t\t\t\t\t\t\t\t<img decoding=\"async\" width=\"906\" height=\"800\" src=\"https:\/\/www.patrickdenis.info\/WordPress3\/wp-content\/uploads\/2022\/10\/12-The-Lulu-Projekt-1.png\" class=\"attachment-2048x2048 size-2048x2048 wp-image-3891\" alt=\"\" srcset=\"https:\/\/www.patrickdenis.info\/WordPress3\/wp-content\/uploads\/2022\/10\/12-The-Lulu-Projekt-1.png 906w, https:\/\/www.patrickdenis.info\/WordPress3\/wp-content\/uploads\/2022\/10\/12-The-Lulu-Projekt-1-300x265.png 300w, https:\/\/www.patrickdenis.info\/WordPress3\/wp-content\/uploads\/2022\/10\/12-The-Lulu-Projekt-1-768x678.png 768w\" sizes=\"(max-width: 906px) 100vw, 906px\" \/>\t\t\t\t\t\t\t\t\t\t\t\t\t\t\t<\/div>\n\t\t\t\t<\/div>\n\t\t\t\t\t<\/div>\n\t\t<\/div>\n\t\t\t\t\t<\/div>\n\t\t<\/section>\n\t\t\t\t<\/div>\n\t\t","protected":false},"excerpt":{"rendered":"<p>Festival d&#8217;Avignon OFF &#8211; The Lulu projekt On aime L\u2019histoire se passe du temps o\u00f9 le rideau de fer s\u00e9parait l\u2019est et l\u2019ouest en Europe. Lulu vit avec sa famille dans une tour et son avenir est plut\u00f4t compromis car sa m\u00e8re souhaitait qu\u2019il int\u00e8gre une \u00e9cole militaire, mais non\u2026 Lulu a trich\u00e9 aux tests [&hellip;]<\/p>\n","protected":false},"author":1,"featured_media":3915,"comment_status":"closed","ping_status":"open","sticky":false,"template":"","format":"standard","meta":{"footnotes":""},"categories":[56,33],"tags":[],"class_list":["post-7497","post","type-post","status-publish","format-standard","has-post-thumbnail","hentry","category-festivalavignon","category-theatre"],"yoast_head":"<!-- This site is optimized with the Yoast SEO plugin v27.4 - https:\/\/yoast.com\/product\/yoast-seo-wordpress\/ -->\n<title>The Lulu Projekt - Avignon 2022 - Patrick DENIS Photographe<\/title>\n<meta name=\"robots\" content=\"index, follow, max-snippet:-1, max-image-preview:large, max-video-preview:-1\" \/>\n<link rel=\"canonical\" href=\"https:\/\/www.patrickdenis.info\/WordPress3\/the-lulu-projekt-avignon-2022\/\" \/>\n<meta property=\"og:locale\" content=\"fr_FR\" \/>\n<meta property=\"og:type\" content=\"article\" \/>\n<meta property=\"og:title\" content=\"The Lulu Projekt - Avignon 2022 - Patrick DENIS Photographe\" \/>\n<meta property=\"og:description\" content=\"Festival d&#8217;Avignon OFF &#8211; The Lulu projekt On aime L\u2019histoire se passe du temps o\u00f9 le rideau de fer s\u00e9parait l\u2019est et l\u2019ouest en Europe. Lulu vit avec sa famille dans une tour et son avenir est plut\u00f4t compromis car sa m\u00e8re souhaitait qu\u2019il int\u00e8gre une \u00e9cole militaire, mais non\u2026 Lulu a trich\u00e9 aux tests [&hellip;]\" \/>\n<meta property=\"og:url\" content=\"https:\/\/www.patrickdenis.info\/WordPress3\/the-lulu-projekt-avignon-2022\/\" \/>\n<meta property=\"og:site_name\" content=\"Patrick DENIS Photographe\" \/>\n<meta property=\"article:published_time\" content=\"2022-08-01T15:33:00+00:00\" \/>\n<meta property=\"article:modified_time\" content=\"2024-08-01T15:52:11+00:00\" \/>\n<meta property=\"og:image\" content=\"https:\/\/www.patrickdenis.info\/WordPress3\/wp-content\/uploads\/2022\/10\/IMG_7628.jpg\" \/>\n\t<meta property=\"og:image:width\" content=\"2048\" \/>\n\t<meta property=\"og:image:height\" content=\"1367\" \/>\n\t<meta property=\"og:image:type\" content=\"image\/jpeg\" \/>\n<meta name=\"author\" content=\"Patrick DENIS\" \/>\n<meta name=\"twitter:card\" content=\"summary_large_image\" \/>\n<meta name=\"twitter:label1\" content=\"\u00c9crit par\" \/>\n\t<meta name=\"twitter:data1\" content=\"Patrick DENIS\" \/>\n\t<meta name=\"twitter:label2\" content=\"Dur\u00e9e de lecture estim\u00e9e\" \/>\n\t<meta name=\"twitter:data2\" content=\"2 minutes\" \/>\n<script type=\"application\/ld+json\" class=\"yoast-schema-graph\">{\"@context\":\"https:\\\/\\\/schema.org\",\"@graph\":[{\"@type\":\"Article\",\"@id\":\"https:\\\/\\\/www.patrickdenis.info\\\/WordPress3\\\/the-lulu-projekt-avignon-2022\\\/#article\",\"isPartOf\":{\"@id\":\"https:\\\/\\\/www.patrickdenis.info\\\/WordPress3\\\/the-lulu-projekt-avignon-2022\\\/\"},\"author\":{\"name\":\"Patrick DENIS\",\"@id\":\"https:\\\/\\\/www.patrickdenis.info\\\/WordPress3\\\/#\\\/schema\\\/person\\\/d43605ef0d5681c1b27a4ba1fede1cf4\"},\"headline\":\"The Lulu Projekt &#8211; Avignon 2022\",\"datePublished\":\"2022-08-01T15:33:00+00:00\",\"dateModified\":\"2024-08-01T15:52:11+00:00\",\"mainEntityOfPage\":{\"@id\":\"https:\\\/\\\/www.patrickdenis.info\\\/WordPress3\\\/the-lulu-projekt-avignon-2022\\\/\"},\"wordCount\":265,\"publisher\":{\"@id\":\"https:\\\/\\\/www.patrickdenis.info\\\/WordPress3\\\/#\\\/schema\\\/person\\\/d43605ef0d5681c1b27a4ba1fede1cf4\"},\"image\":{\"@id\":\"https:\\\/\\\/www.patrickdenis.info\\\/WordPress3\\\/the-lulu-projekt-avignon-2022\\\/#primaryimage\"},\"thumbnailUrl\":\"https:\\\/\\\/www.patrickdenis.info\\\/WordPress3\\\/wp-content\\\/uploads\\\/2022\\\/10\\\/IMG_7628.jpg\",\"articleSection\":[\"Festival Avignon\",\"Th\u00e9atre\"],\"inLanguage\":\"fr-FR\"},{\"@type\":\"WebPage\",\"@id\":\"https:\\\/\\\/www.patrickdenis.info\\\/WordPress3\\\/the-lulu-projekt-avignon-2022\\\/\",\"url\":\"https:\\\/\\\/www.patrickdenis.info\\\/WordPress3\\\/the-lulu-projekt-avignon-2022\\\/\",\"name\":\"The Lulu Projekt - Avignon 2022 - Patrick DENIS Photographe\",\"isPartOf\":{\"@id\":\"https:\\\/\\\/www.patrickdenis.info\\\/WordPress3\\\/#website\"},\"primaryImageOfPage\":{\"@id\":\"https:\\\/\\\/www.patrickdenis.info\\\/WordPress3\\\/the-lulu-projekt-avignon-2022\\\/#primaryimage\"},\"image\":{\"@id\":\"https:\\\/\\\/www.patrickdenis.info\\\/WordPress3\\\/the-lulu-projekt-avignon-2022\\\/#primaryimage\"},\"thumbnailUrl\":\"https:\\\/\\\/www.patrickdenis.info\\\/WordPress3\\\/wp-content\\\/uploads\\\/2022\\\/10\\\/IMG_7628.jpg\",\"datePublished\":\"2022-08-01T15:33:00+00:00\",\"dateModified\":\"2024-08-01T15:52:11+00:00\",\"breadcrumb\":{\"@id\":\"https:\\\/\\\/www.patrickdenis.info\\\/WordPress3\\\/the-lulu-projekt-avignon-2022\\\/#breadcrumb\"},\"inLanguage\":\"fr-FR\",\"potentialAction\":[{\"@type\":\"ReadAction\",\"target\":[\"https:\\\/\\\/www.patrickdenis.info\\\/WordPress3\\\/the-lulu-projekt-avignon-2022\\\/\"]}]},{\"@type\":\"ImageObject\",\"inLanguage\":\"fr-FR\",\"@id\":\"https:\\\/\\\/www.patrickdenis.info\\\/WordPress3\\\/the-lulu-projekt-avignon-2022\\\/#primaryimage\",\"url\":\"https:\\\/\\\/www.patrickdenis.info\\\/WordPress3\\\/wp-content\\\/uploads\\\/2022\\\/10\\\/IMG_7628.jpg\",\"contentUrl\":\"https:\\\/\\\/www.patrickdenis.info\\\/WordPress3\\\/wp-content\\\/uploads\\\/2022\\\/10\\\/IMG_7628.jpg\",\"width\":2048,\"height\":1367},{\"@type\":\"BreadcrumbList\",\"@id\":\"https:\\\/\\\/www.patrickdenis.info\\\/WordPress3\\\/the-lulu-projekt-avignon-2022\\\/#breadcrumb\",\"itemListElement\":[{\"@type\":\"ListItem\",\"position\":1,\"name\":\"Accueil\",\"item\":\"https:\\\/\\\/www.patrickdenis.info\\\/WordPress3\\\/\"},{\"@type\":\"ListItem\",\"position\":2,\"name\":\"The Lulu Projekt &#8211; Avignon 2022\"}]},{\"@type\":\"WebSite\",\"@id\":\"https:\\\/\\\/www.patrickdenis.info\\\/WordPress3\\\/#website\",\"url\":\"https:\\\/\\\/www.patrickdenis.info\\\/WordPress3\\\/\",\"name\":\"Patrick DENIS Photographe\",\"description\":\"Arts vivants, Cirque, Concert, Danse, Spectacle\",\"publisher\":{\"@id\":\"https:\\\/\\\/www.patrickdenis.info\\\/WordPress3\\\/#\\\/schema\\\/person\\\/d43605ef0d5681c1b27a4ba1fede1cf4\"},\"potentialAction\":[{\"@type\":\"SearchAction\",\"target\":{\"@type\":\"EntryPoint\",\"urlTemplate\":\"https:\\\/\\\/www.patrickdenis.info\\\/WordPress3\\\/?s={search_term_string}\"},\"query-input\":{\"@type\":\"PropertyValueSpecification\",\"valueRequired\":true,\"valueName\":\"search_term_string\"}}],\"inLanguage\":\"fr-FR\"},{\"@type\":[\"Person\",\"Organization\"],\"@id\":\"https:\\\/\\\/www.patrickdenis.info\\\/WordPress3\\\/#\\\/schema\\\/person\\\/d43605ef0d5681c1b27a4ba1fede1cf4\",\"name\":\"Patrick DENIS\",\"image\":{\"@type\":\"ImageObject\",\"inLanguage\":\"fr-FR\",\"@id\":\"https:\\\/\\\/www.patrickdenis.info\\\/WordPress3\\\/wp-content\\\/uploads\\\/2023\\\/01\\\/cropped-logo_dp_texte-blanc-5.jpg\",\"url\":\"https:\\\/\\\/www.patrickdenis.info\\\/WordPress3\\\/wp-content\\\/uploads\\\/2023\\\/01\\\/cropped-logo_dp_texte-blanc-5.jpg\",\"contentUrl\":\"https:\\\/\\\/www.patrickdenis.info\\\/WordPress3\\\/wp-content\\\/uploads\\\/2023\\\/01\\\/cropped-logo_dp_texte-blanc-5.jpg\",\"width\":512,\"height\":512,\"caption\":\"Patrick DENIS\"},\"logo\":{\"@id\":\"https:\\\/\\\/www.patrickdenis.info\\\/WordPress3\\\/wp-content\\\/uploads\\\/2023\\\/01\\\/cropped-logo_dp_texte-blanc-5.jpg\"}}]}<\/script>\n<!-- \/ Yoast SEO plugin. -->","yoast_head_json":{"title":"The Lulu Projekt - Avignon 2022 - Patrick DENIS Photographe","robots":{"index":"index","follow":"follow","max-snippet":"max-snippet:-1","max-image-preview":"max-image-preview:large","max-video-preview":"max-video-preview:-1"},"canonical":"https:\/\/www.patrickdenis.info\/WordPress3\/the-lulu-projekt-avignon-2022\/","og_locale":"fr_FR","og_type":"article","og_title":"The Lulu Projekt - Avignon 2022 - Patrick DENIS Photographe","og_description":"Festival d&#8217;Avignon OFF &#8211; The Lulu projekt On aime L\u2019histoire se passe du temps o\u00f9 le rideau de fer s\u00e9parait l\u2019est et l\u2019ouest en Europe. Lulu vit avec sa famille dans une tour et son avenir est plut\u00f4t compromis car sa m\u00e8re souhaitait qu\u2019il int\u00e8gre une \u00e9cole militaire, mais non\u2026 Lulu a trich\u00e9 aux tests [&hellip;]","og_url":"https:\/\/www.patrickdenis.info\/WordPress3\/the-lulu-projekt-avignon-2022\/","og_site_name":"Patrick DENIS Photographe","article_published_time":"2022-08-01T15:33:00+00:00","article_modified_time":"2024-08-01T15:52:11+00:00","og_image":[{"width":2048,"height":1367,"url":"https:\/\/www.patrickdenis.info\/WordPress3\/wp-content\/uploads\/2022\/10\/IMG_7628.jpg","type":"image\/jpeg"}],"author":"Patrick DENIS","twitter_card":"summary_large_image","twitter_misc":{"\u00c9crit par":"Patrick DENIS","Dur\u00e9e de lecture estim\u00e9e":"2 minutes"},"schema":{"@context":"https:\/\/schema.org","@graph":[{"@type":"Article","@id":"https:\/\/www.patrickdenis.info\/WordPress3\/the-lulu-projekt-avignon-2022\/#article","isPartOf":{"@id":"https:\/\/www.patrickdenis.info\/WordPress3\/the-lulu-projekt-avignon-2022\/"},"author":{"name":"Patrick DENIS","@id":"https:\/\/www.patrickdenis.info\/WordPress3\/#\/schema\/person\/d43605ef0d5681c1b27a4ba1fede1cf4"},"headline":"The Lulu Projekt &#8211; Avignon 2022","datePublished":"2022-08-01T15:33:00+00:00","dateModified":"2024-08-01T15:52:11+00:00","mainEntityOfPage":{"@id":"https:\/\/www.patrickdenis.info\/WordPress3\/the-lulu-projekt-avignon-2022\/"},"wordCount":265,"publisher":{"@id":"https:\/\/www.patrickdenis.info\/WordPress3\/#\/schema\/person\/d43605ef0d5681c1b27a4ba1fede1cf4"},"image":{"@id":"https:\/\/www.patrickdenis.info\/WordPress3\/the-lulu-projekt-avignon-2022\/#primaryimage"},"thumbnailUrl":"https:\/\/www.patrickdenis.info\/WordPress3\/wp-content\/uploads\/2022\/10\/IMG_7628.jpg","articleSection":["Festival Avignon","Th\u00e9atre"],"inLanguage":"fr-FR"},{"@type":"WebPage","@id":"https:\/\/www.patrickdenis.info\/WordPress3\/the-lulu-projekt-avignon-2022\/","url":"https:\/\/www.patrickdenis.info\/WordPress3\/the-lulu-projekt-avignon-2022\/","name":"The Lulu Projekt - Avignon 2022 - Patrick DENIS Photographe","isPartOf":{"@id":"https:\/\/www.patrickdenis.info\/WordPress3\/#website"},"primaryImageOfPage":{"@id":"https:\/\/www.patrickdenis.info\/WordPress3\/the-lulu-projekt-avignon-2022\/#primaryimage"},"image":{"@id":"https:\/\/www.patrickdenis.info\/WordPress3\/the-lulu-projekt-avignon-2022\/#primaryimage"},"thumbnailUrl":"https:\/\/www.patrickdenis.info\/WordPress3\/wp-content\/uploads\/2022\/10\/IMG_7628.jpg","datePublished":"2022-08-01T15:33:00+00:00","dateModified":"2024-08-01T15:52:11+00:00","breadcrumb":{"@id":"https:\/\/www.patrickdenis.info\/WordPress3\/the-lulu-projekt-avignon-2022\/#breadcrumb"},"inLanguage":"fr-FR","potentialAction":[{"@type":"ReadAction","target":["https:\/\/www.patrickdenis.info\/WordPress3\/the-lulu-projekt-avignon-2022\/"]}]},{"@type":"ImageObject","inLanguage":"fr-FR","@id":"https:\/\/www.patrickdenis.info\/WordPress3\/the-lulu-projekt-avignon-2022\/#primaryimage","url":"https:\/\/www.patrickdenis.info\/WordPress3\/wp-content\/uploads\/2022\/10\/IMG_7628.jpg","contentUrl":"https:\/\/www.patrickdenis.info\/WordPress3\/wp-content\/uploads\/2022\/10\/IMG_7628.jpg","width":2048,"height":1367},{"@type":"BreadcrumbList","@id":"https:\/\/www.patrickdenis.info\/WordPress3\/the-lulu-projekt-avignon-2022\/#breadcrumb","itemListElement":[{"@type":"ListItem","position":1,"name":"Accueil","item":"https:\/\/www.patrickdenis.info\/WordPress3\/"},{"@type":"ListItem","position":2,"name":"The Lulu Projekt &#8211; Avignon 2022"}]},{"@type":"WebSite","@id":"https:\/\/www.patrickdenis.info\/WordPress3\/#website","url":"https:\/\/www.patrickdenis.info\/WordPress3\/","name":"Patrick DENIS Photographe","description":"Arts vivants, Cirque, Concert, Danse, Spectacle","publisher":{"@id":"https:\/\/www.patrickdenis.info\/WordPress3\/#\/schema\/person\/d43605ef0d5681c1b27a4ba1fede1cf4"},"potentialAction":[{"@type":"SearchAction","target":{"@type":"EntryPoint","urlTemplate":"https:\/\/www.patrickdenis.info\/WordPress3\/?s={search_term_string}"},"query-input":{"@type":"PropertyValueSpecification","valueRequired":true,"valueName":"search_term_string"}}],"inLanguage":"fr-FR"},{"@type":["Person","Organization"],"@id":"https:\/\/www.patrickdenis.info\/WordPress3\/#\/schema\/person\/d43605ef0d5681c1b27a4ba1fede1cf4","name":"Patrick DENIS","image":{"@type":"ImageObject","inLanguage":"fr-FR","@id":"https:\/\/www.patrickdenis.info\/WordPress3\/wp-content\/uploads\/2023\/01\/cropped-logo_dp_texte-blanc-5.jpg","url":"https:\/\/www.patrickdenis.info\/WordPress3\/wp-content\/uploads\/2023\/01\/cropped-logo_dp_texte-blanc-5.jpg","contentUrl":"https:\/\/www.patrickdenis.info\/WordPress3\/wp-content\/uploads\/2023\/01\/cropped-logo_dp_texte-blanc-5.jpg","width":512,"height":512,"caption":"Patrick DENIS"},"logo":{"@id":"https:\/\/www.patrickdenis.info\/WordPress3\/wp-content\/uploads\/2023\/01\/cropped-logo_dp_texte-blanc-5.jpg"}}]}},"_links":{"self":[{"href":"https:\/\/www.patrickdenis.info\/WordPress3\/wp-json\/wp\/v2\/posts\/7497","targetHints":{"allow":["GET"]}}],"collection":[{"href":"https:\/\/www.patrickdenis.info\/WordPress3\/wp-json\/wp\/v2\/posts"}],"about":[{"href":"https:\/\/www.patrickdenis.info\/WordPress3\/wp-json\/wp\/v2\/types\/post"}],"author":[{"embeddable":true,"href":"https:\/\/www.patrickdenis.info\/WordPress3\/wp-json\/wp\/v2\/users\/1"}],"replies":[{"embeddable":true,"href":"https:\/\/www.patrickdenis.info\/WordPress3\/wp-json\/wp\/v2\/comments?post=7497"}],"version-history":[{"count":4,"href":"https:\/\/www.patrickdenis.info\/WordPress3\/wp-json\/wp\/v2\/posts\/7497\/revisions"}],"predecessor-version":[{"id":7501,"href":"https:\/\/www.patrickdenis.info\/WordPress3\/wp-json\/wp\/v2\/posts\/7497\/revisions\/7501"}],"wp:featuredmedia":[{"embeddable":true,"href":"https:\/\/www.patrickdenis.info\/WordPress3\/wp-json\/wp\/v2\/media\/3915"}],"wp:attachment":[{"href":"https:\/\/www.patrickdenis.info\/WordPress3\/wp-json\/wp\/v2\/media?parent=7497"}],"wp:term":[{"taxonomy":"category","embeddable":true,"href":"https:\/\/www.patrickdenis.info\/WordPress3\/wp-json\/wp\/v2\/categories?post=7497"},{"taxonomy":"post_tag","embeddable":true,"href":"https:\/\/www.patrickdenis.info\/WordPress3\/wp-json\/wp\/v2\/tags?post=7497"}],"curies":[{"name":"wp","href":"https:\/\/api.w.org\/{rel}","templated":true}]}}