{"id":7487,"date":"2022-08-01T17:11:00","date_gmt":"2022-08-01T15:11:00","guid":{"rendered":"https:\/\/www.patrickdenis.info\/WordPress3\/?p=7487"},"modified":"2024-08-01T17:15:09","modified_gmt":"2024-08-01T15:15:09","slug":"cie-vilcanota-people-what-people-avignon-2022","status":"publish","type":"post","link":"https:\/\/www.patrickdenis.info\/WordPress3\/cie-vilcanota-people-what-people-avignon-2022\/","title":{"rendered":"Cie Vilcanota &#8211; People what People ? &#8211; Avignon 2022"},"content":{"rendered":"\t\t<div data-elementor-type=\"wp-post\" data-elementor-id=\"7487\" class=\"elementor elementor-7487\" data-elementor-post-type=\"post\">\n\t\t\t\t\t\t<section class=\"elementor-section elementor-top-section elementor-element elementor-element-7444365 elementor-section-boxed elementor-section-height-default elementor-section-height-default\" data-id=\"7444365\" data-element_type=\"section\" data-e-type=\"section\">\n\t\t\t\t\t\t<div class=\"elementor-container elementor-column-gap-default\">\n\t\t\t\t\t<div class=\"elementor-column elementor-col-100 elementor-top-column elementor-element elementor-element-a9f782d\" data-id=\"a9f782d\" data-element_type=\"column\" data-e-type=\"column\">\n\t\t\t<div class=\"elementor-widget-wrap elementor-element-populated\">\n\t\t\t\t\t\t<div class=\"elementor-element elementor-element-bef65f3 elementor-widget elementor-widget-heading\" data-id=\"bef65f3\" data-element_type=\"widget\" data-e-type=\"widget\" data-widget_type=\"heading.default\">\n\t\t\t\t<div class=\"elementor-widget-container\">\n\t\t\t\t\t<h2 class=\"elementor-heading-title elementor-size-default\">Festival d'Avignon OFF - \"People what People\u00a0?\"  Un \u00e9norme coup de c\u0153ur<\/h2>\t\t\t\t<\/div>\n\t\t\t\t<\/div>\n\t\t\t\t\t<\/div>\n\t\t<\/div>\n\t\t\t\t\t<\/div>\n\t\t<\/section>\n\t\t\t\t<section class=\"elementor-section elementor-top-section elementor-element elementor-element-a920173 elementor-section-boxed elementor-section-height-default elementor-section-height-default\" data-id=\"a920173\" data-element_type=\"section\" data-e-type=\"section\">\n\t\t\t\t\t\t<div class=\"elementor-container elementor-column-gap-default\">\n\t\t\t\t\t<div class=\"elementor-column elementor-col-100 elementor-top-column elementor-element elementor-element-e4ce89d\" data-id=\"e4ce89d\" data-element_type=\"column\" data-e-type=\"column\">\n\t\t\t<div class=\"elementor-widget-wrap elementor-element-populated\">\n\t\t\t\t\t\t<div class=\"elementor-element elementor-element-b865f25 elementor-widget elementor-widget-image\" data-id=\"b865f25\" data-element_type=\"widget\" data-e-type=\"widget\" data-widget_type=\"image.default\">\n\t\t\t\t<div class=\"elementor-widget-container\">\n\t\t\t\t\t\t\t\t\t\t\t\t\t\t\t<img fetchpriority=\"high\" decoding=\"async\" width=\"2048\" height=\"1367\" src=\"https:\/\/www.patrickdenis.info\/WordPress3\/wp-content\/uploads\/2022\/10\/IMG_5700.jpg\" class=\"attachment-2048x2048 size-2048x2048 wp-image-3913\" alt=\"\" srcset=\"https:\/\/www.patrickdenis.info\/WordPress3\/wp-content\/uploads\/2022\/10\/IMG_5700.jpg 2048w, https:\/\/www.patrickdenis.info\/WordPress3\/wp-content\/uploads\/2022\/10\/IMG_5700-300x200.jpg 300w, https:\/\/www.patrickdenis.info\/WordPress3\/wp-content\/uploads\/2022\/10\/IMG_5700-1024x684.jpg 1024w, https:\/\/www.patrickdenis.info\/WordPress3\/wp-content\/uploads\/2022\/10\/IMG_5700-768x513.jpg 768w, https:\/\/www.patrickdenis.info\/WordPress3\/wp-content\/uploads\/2022\/10\/IMG_5700-2000x1335.jpg 2000w, https:\/\/www.patrickdenis.info\/WordPress3\/wp-content\/uploads\/2022\/10\/IMG_5700-1536x1025.jpg 1536w\" sizes=\"(max-width: 2048px) 100vw, 2048px\" \/>\t\t\t\t\t\t\t\t\t\t\t\t\t\t\t<\/div>\n\t\t\t\t<\/div>\n\t\t\t\t\t<\/div>\n\t\t<\/div>\n\t\t\t\t\t<\/div>\n\t\t<\/section>\n\t\t\t\t<section class=\"elementor-section elementor-top-section elementor-element elementor-element-7c356fa elementor-section-boxed elementor-section-height-default elementor-section-height-default\" data-id=\"7c356fa\" data-element_type=\"section\" data-e-type=\"section\">\n\t\t\t\t\t\t<div class=\"elementor-container elementor-column-gap-default\">\n\t\t\t\t\t<div class=\"elementor-column elementor-col-100 elementor-top-column elementor-element elementor-element-ca283f7\" data-id=\"ca283f7\" data-element_type=\"column\" data-e-type=\"column\">\n\t\t\t<div class=\"elementor-widget-wrap elementor-element-populated\">\n\t\t\t\t\t\t<div class=\"elementor-element elementor-element-8203685 elementor-widget elementor-widget-text-editor\" data-id=\"8203685\" data-element_type=\"widget\" data-e-type=\"widget\" data-widget_type=\"text-editor.default\">\n\t\t\t\t<div class=\"elementor-widget-container\">\n\t\t\t\t\t\t\t\t\t<p>Apr\u00e8s l\u2019\u00e9norme succ\u00e8s obtenu l\u2019an dernier aux Hivernales pour \u00ab\u00a0Tumultes\u00a0\u00bb, La Cie Vilcanota revient avec \u00ab\u00a0People what People\u00a0?\u00a0\u00bb une cr\u00e9ation chor\u00e9graphique plus ancienne mais qui avait \u00e9t\u00e9 stopp\u00e9e net par la crise du Covid.<\/p><p>Bruno Pradet le chor\u00e9graphe a choisi de donner une seconde vie \u00e0 ce projet et il a bien fait\u00a0! Sur sc\u00e8ne 7 danseurs vont \u00e9voluer sur un tapis de danse blanc qui couvre toute la sc\u00e8ne de la scierie. Ils vont \u00e9voluer en groupe serr\u00e9s telle une masse, avec parfois une similitude absolue, parfois avec des inversions de t\u00eate et de temps en temps une tentative vaine de s\u2019extraire du groupe.<\/p><p>La chor\u00e9graphie est d\u2019une intensit\u00e9 absolue car il n\u2019y a aucun moment de pause\u00a0: avec des sauts, des sprints et une course folle dans un cercle de lumi\u00e8re rouge qui acc\u00e9l\u00e8re et qui s\u2019\u00e9largit\u00a0: le rythme cardiaque des danseurs s\u2019emballe et les r\u00e9actions du public aussi.<\/p><p>Ils ont obtenu une standing ovation devant une salle pleine \u00e0 craquer. Vous ne pourrez malheureusement plus les voir \u00e0 Avignon car compte tenu de l\u2019effort physique demand\u00e9, ils ont limit\u00e9 leur pr\u00e9sence \u00e0 10 jours.<\/p><p>Si vous croisez leur route, allez les voir les yeux ferm\u00e9s, ils sont \u00e9normes.<\/p><p><strong>People what People\u00a0? \u2013 LA SCIERIE<\/strong><br \/>Termin\u00e9 depuis le 16 juillet<\/p><p style=\"text-align: center;\"><a href=\"https:\/\/www.laprovence.com\/article\/critiques-avignon-off\/6843203\/festival-off-people-what-people-un-enorme-coup-de-coeur.html\" target=\"_blank\" rel=\"noopener\">&gt;&gt;&gt;&gt; Publication originale &lt;&lt;&lt;&lt;<\/a><\/p>\t\t\t\t\t\t\t\t<\/div>\n\t\t\t\t<\/div>\n\t\t\t\t<div class=\"elementor-element elementor-element-08e355c elementor-widget elementor-widget-image\" data-id=\"08e355c\" data-element_type=\"widget\" data-e-type=\"widget\" data-widget_type=\"image.default\">\n\t\t\t\t<div class=\"elementor-widget-container\">\n\t\t\t\t\t\t\t\t\t\t\t\t\t\t\t<img decoding=\"async\" width=\"951\" height=\"850\" src=\"https:\/\/www.patrickdenis.info\/WordPress3\/wp-content\/uploads\/2022\/10\/10-People-what-Poeple-1.png\" class=\"attachment-2048x2048 size-2048x2048 wp-image-3889\" alt=\"\" srcset=\"https:\/\/www.patrickdenis.info\/WordPress3\/wp-content\/uploads\/2022\/10\/10-People-what-Poeple-1.png 951w, https:\/\/www.patrickdenis.info\/WordPress3\/wp-content\/uploads\/2022\/10\/10-People-what-Poeple-1-300x268.png 300w, https:\/\/www.patrickdenis.info\/WordPress3\/wp-content\/uploads\/2022\/10\/10-People-what-Poeple-1-768x686.png 768w\" sizes=\"(max-width: 951px) 100vw, 951px\" \/>\t\t\t\t\t\t\t\t\t\t\t\t\t\t\t<\/div>\n\t\t\t\t<\/div>\n\t\t\t\t\t<\/div>\n\t\t<\/div>\n\t\t\t\t\t<\/div>\n\t\t<\/section>\n\t\t\t\t<\/div>\n\t\t","protected":false},"excerpt":{"rendered":"<p>Festival d&#8217;Avignon OFF &#8211; &#8220;People what People\u00a0?&#8221; Un \u00e9norme coup de c\u0153ur Apr\u00e8s l\u2019\u00e9norme succ\u00e8s obtenu l\u2019an dernier aux Hivernales pour \u00ab\u00a0Tumultes\u00a0\u00bb, La Cie Vilcanota revient avec \u00ab\u00a0People what People\u00a0?\u00a0\u00bb une cr\u00e9ation chor\u00e9graphique plus ancienne mais qui avait \u00e9t\u00e9 stopp\u00e9e net par la crise du Covid. Bruno Pradet le chor\u00e9graphe a choisi de donner une [&hellip;]<\/p>\n","protected":false},"author":1,"featured_media":3913,"comment_status":"closed","ping_status":"open","sticky":false,"template":"","format":"standard","meta":{"footnotes":""},"categories":[30,56],"tags":[],"class_list":["post-7487","post","type-post","status-publish","format-standard","has-post-thumbnail","hentry","category-danse","category-festivalavignon"],"yoast_head":"<!-- This site is optimized with the Yoast SEO plugin v27.4 - https:\/\/yoast.com\/product\/yoast-seo-wordpress\/ -->\n<title>Cie Vilcanota - People what People ? - Avignon 2022 - Patrick DENIS Photographe<\/title>\n<meta name=\"robots\" content=\"index, follow, max-snippet:-1, max-image-preview:large, max-video-preview:-1\" \/>\n<link rel=\"canonical\" href=\"https:\/\/www.patrickdenis.info\/WordPress3\/cie-vilcanota-people-what-people-avignon-2022\/\" \/>\n<meta property=\"og:locale\" content=\"fr_FR\" \/>\n<meta property=\"og:type\" content=\"article\" \/>\n<meta property=\"og:title\" content=\"Cie Vilcanota - People what People ? - Avignon 2022 - Patrick DENIS Photographe\" \/>\n<meta property=\"og:description\" content=\"Festival d&#8217;Avignon OFF &#8211; &#8220;People what People\u00a0?&#8221; Un \u00e9norme coup de c\u0153ur Apr\u00e8s l\u2019\u00e9norme succ\u00e8s obtenu l\u2019an dernier aux Hivernales pour \u00ab\u00a0Tumultes\u00a0\u00bb, La Cie Vilcanota revient avec \u00ab\u00a0People what People\u00a0?\u00a0\u00bb une cr\u00e9ation chor\u00e9graphique plus ancienne mais qui avait \u00e9t\u00e9 stopp\u00e9e net par la crise du Covid. Bruno Pradet le chor\u00e9graphe a choisi de donner une [&hellip;]\" \/>\n<meta property=\"og:url\" content=\"https:\/\/www.patrickdenis.info\/WordPress3\/cie-vilcanota-people-what-people-avignon-2022\/\" \/>\n<meta property=\"og:site_name\" content=\"Patrick DENIS Photographe\" \/>\n<meta property=\"article:published_time\" content=\"2022-08-01T15:11:00+00:00\" \/>\n<meta property=\"article:modified_time\" content=\"2024-08-01T15:15:09+00:00\" \/>\n<meta property=\"og:image\" content=\"https:\/\/www.patrickdenis.info\/WordPress3\/wp-content\/uploads\/2022\/10\/IMG_5700.jpg\" \/>\n\t<meta property=\"og:image:width\" content=\"2048\" \/>\n\t<meta property=\"og:image:height\" content=\"1367\" \/>\n\t<meta property=\"og:image:type\" content=\"image\/jpeg\" \/>\n<meta name=\"author\" content=\"Patrick DENIS\" \/>\n<meta name=\"twitter:card\" content=\"summary_large_image\" \/>\n<meta name=\"twitter:label1\" content=\"\u00c9crit par\" \/>\n\t<meta name=\"twitter:data1\" content=\"Patrick DENIS\" \/>\n\t<meta name=\"twitter:label2\" content=\"Dur\u00e9e de lecture estim\u00e9e\" \/>\n\t<meta name=\"twitter:data2\" content=\"2 minutes\" \/>\n<script type=\"application\/ld+json\" class=\"yoast-schema-graph\">{\"@context\":\"https:\\\/\\\/schema.org\",\"@graph\":[{\"@type\":\"Article\",\"@id\":\"https:\\\/\\\/www.patrickdenis.info\\\/WordPress3\\\/cie-vilcanota-people-what-people-avignon-2022\\\/#article\",\"isPartOf\":{\"@id\":\"https:\\\/\\\/www.patrickdenis.info\\\/WordPress3\\\/cie-vilcanota-people-what-people-avignon-2022\\\/\"},\"author\":{\"name\":\"Patrick DENIS\",\"@id\":\"https:\\\/\\\/www.patrickdenis.info\\\/WordPress3\\\/#\\\/schema\\\/person\\\/d43605ef0d5681c1b27a4ba1fede1cf4\"},\"headline\":\"Cie Vilcanota &#8211; People what People ? &#8211; Avignon 2022\",\"datePublished\":\"2022-08-01T15:11:00+00:00\",\"dateModified\":\"2024-08-01T15:15:09+00:00\",\"mainEntityOfPage\":{\"@id\":\"https:\\\/\\\/www.patrickdenis.info\\\/WordPress3\\\/cie-vilcanota-people-what-people-avignon-2022\\\/\"},\"wordCount\":261,\"publisher\":{\"@id\":\"https:\\\/\\\/www.patrickdenis.info\\\/WordPress3\\\/#\\\/schema\\\/person\\\/d43605ef0d5681c1b27a4ba1fede1cf4\"},\"image\":{\"@id\":\"https:\\\/\\\/www.patrickdenis.info\\\/WordPress3\\\/cie-vilcanota-people-what-people-avignon-2022\\\/#primaryimage\"},\"thumbnailUrl\":\"https:\\\/\\\/www.patrickdenis.info\\\/WordPress3\\\/wp-content\\\/uploads\\\/2022\\\/10\\\/IMG_5700.jpg\",\"articleSection\":[\"Danse\",\"Festival Avignon\"],\"inLanguage\":\"fr-FR\"},{\"@type\":\"WebPage\",\"@id\":\"https:\\\/\\\/www.patrickdenis.info\\\/WordPress3\\\/cie-vilcanota-people-what-people-avignon-2022\\\/\",\"url\":\"https:\\\/\\\/www.patrickdenis.info\\\/WordPress3\\\/cie-vilcanota-people-what-people-avignon-2022\\\/\",\"name\":\"Cie Vilcanota - People what People ? - Avignon 2022 - Patrick DENIS Photographe\",\"isPartOf\":{\"@id\":\"https:\\\/\\\/www.patrickdenis.info\\\/WordPress3\\\/#website\"},\"primaryImageOfPage\":{\"@id\":\"https:\\\/\\\/www.patrickdenis.info\\\/WordPress3\\\/cie-vilcanota-people-what-people-avignon-2022\\\/#primaryimage\"},\"image\":{\"@id\":\"https:\\\/\\\/www.patrickdenis.info\\\/WordPress3\\\/cie-vilcanota-people-what-people-avignon-2022\\\/#primaryimage\"},\"thumbnailUrl\":\"https:\\\/\\\/www.patrickdenis.info\\\/WordPress3\\\/wp-content\\\/uploads\\\/2022\\\/10\\\/IMG_5700.jpg\",\"datePublished\":\"2022-08-01T15:11:00+00:00\",\"dateModified\":\"2024-08-01T15:15:09+00:00\",\"breadcrumb\":{\"@id\":\"https:\\\/\\\/www.patrickdenis.info\\\/WordPress3\\\/cie-vilcanota-people-what-people-avignon-2022\\\/#breadcrumb\"},\"inLanguage\":\"fr-FR\",\"potentialAction\":[{\"@type\":\"ReadAction\",\"target\":[\"https:\\\/\\\/www.patrickdenis.info\\\/WordPress3\\\/cie-vilcanota-people-what-people-avignon-2022\\\/\"]}]},{\"@type\":\"ImageObject\",\"inLanguage\":\"fr-FR\",\"@id\":\"https:\\\/\\\/www.patrickdenis.info\\\/WordPress3\\\/cie-vilcanota-people-what-people-avignon-2022\\\/#primaryimage\",\"url\":\"https:\\\/\\\/www.patrickdenis.info\\\/WordPress3\\\/wp-content\\\/uploads\\\/2022\\\/10\\\/IMG_5700.jpg\",\"contentUrl\":\"https:\\\/\\\/www.patrickdenis.info\\\/WordPress3\\\/wp-content\\\/uploads\\\/2022\\\/10\\\/IMG_5700.jpg\",\"width\":2048,\"height\":1367},{\"@type\":\"BreadcrumbList\",\"@id\":\"https:\\\/\\\/www.patrickdenis.info\\\/WordPress3\\\/cie-vilcanota-people-what-people-avignon-2022\\\/#breadcrumb\",\"itemListElement\":[{\"@type\":\"ListItem\",\"position\":1,\"name\":\"Accueil\",\"item\":\"https:\\\/\\\/www.patrickdenis.info\\\/WordPress3\\\/\"},{\"@type\":\"ListItem\",\"position\":2,\"name\":\"Cie Vilcanota &#8211; People what People ? &#8211; Avignon 2022\"}]},{\"@type\":\"WebSite\",\"@id\":\"https:\\\/\\\/www.patrickdenis.info\\\/WordPress3\\\/#website\",\"url\":\"https:\\\/\\\/www.patrickdenis.info\\\/WordPress3\\\/\",\"name\":\"Patrick DENIS Photographe\",\"description\":\"Arts vivants, Cirque, Concert, Danse, Spectacle\",\"publisher\":{\"@id\":\"https:\\\/\\\/www.patrickdenis.info\\\/WordPress3\\\/#\\\/schema\\\/person\\\/d43605ef0d5681c1b27a4ba1fede1cf4\"},\"potentialAction\":[{\"@type\":\"SearchAction\",\"target\":{\"@type\":\"EntryPoint\",\"urlTemplate\":\"https:\\\/\\\/www.patrickdenis.info\\\/WordPress3\\\/?s={search_term_string}\"},\"query-input\":{\"@type\":\"PropertyValueSpecification\",\"valueRequired\":true,\"valueName\":\"search_term_string\"}}],\"inLanguage\":\"fr-FR\"},{\"@type\":[\"Person\",\"Organization\"],\"@id\":\"https:\\\/\\\/www.patrickdenis.info\\\/WordPress3\\\/#\\\/schema\\\/person\\\/d43605ef0d5681c1b27a4ba1fede1cf4\",\"name\":\"Patrick DENIS\",\"image\":{\"@type\":\"ImageObject\",\"inLanguage\":\"fr-FR\",\"@id\":\"https:\\\/\\\/www.patrickdenis.info\\\/WordPress3\\\/wp-content\\\/uploads\\\/2023\\\/01\\\/cropped-logo_dp_texte-blanc-5.jpg\",\"url\":\"https:\\\/\\\/www.patrickdenis.info\\\/WordPress3\\\/wp-content\\\/uploads\\\/2023\\\/01\\\/cropped-logo_dp_texte-blanc-5.jpg\",\"contentUrl\":\"https:\\\/\\\/www.patrickdenis.info\\\/WordPress3\\\/wp-content\\\/uploads\\\/2023\\\/01\\\/cropped-logo_dp_texte-blanc-5.jpg\",\"width\":512,\"height\":512,\"caption\":\"Patrick DENIS\"},\"logo\":{\"@id\":\"https:\\\/\\\/www.patrickdenis.info\\\/WordPress3\\\/wp-content\\\/uploads\\\/2023\\\/01\\\/cropped-logo_dp_texte-blanc-5.jpg\"}}]}<\/script>\n<!-- \/ Yoast SEO plugin. -->","yoast_head_json":{"title":"Cie Vilcanota - People what People ? - Avignon 2022 - Patrick DENIS Photographe","robots":{"index":"index","follow":"follow","max-snippet":"max-snippet:-1","max-image-preview":"max-image-preview:large","max-video-preview":"max-video-preview:-1"},"canonical":"https:\/\/www.patrickdenis.info\/WordPress3\/cie-vilcanota-people-what-people-avignon-2022\/","og_locale":"fr_FR","og_type":"article","og_title":"Cie Vilcanota - People what People ? - Avignon 2022 - Patrick DENIS Photographe","og_description":"Festival d&#8217;Avignon OFF &#8211; &#8220;People what People\u00a0?&#8221; Un \u00e9norme coup de c\u0153ur Apr\u00e8s l\u2019\u00e9norme succ\u00e8s obtenu l\u2019an dernier aux Hivernales pour \u00ab\u00a0Tumultes\u00a0\u00bb, La Cie Vilcanota revient avec \u00ab\u00a0People what People\u00a0?\u00a0\u00bb une cr\u00e9ation chor\u00e9graphique plus ancienne mais qui avait \u00e9t\u00e9 stopp\u00e9e net par la crise du Covid. Bruno Pradet le chor\u00e9graphe a choisi de donner une [&hellip;]","og_url":"https:\/\/www.patrickdenis.info\/WordPress3\/cie-vilcanota-people-what-people-avignon-2022\/","og_site_name":"Patrick DENIS Photographe","article_published_time":"2022-08-01T15:11:00+00:00","article_modified_time":"2024-08-01T15:15:09+00:00","og_image":[{"width":2048,"height":1367,"url":"https:\/\/www.patrickdenis.info\/WordPress3\/wp-content\/uploads\/2022\/10\/IMG_5700.jpg","type":"image\/jpeg"}],"author":"Patrick DENIS","twitter_card":"summary_large_image","twitter_misc":{"\u00c9crit par":"Patrick DENIS","Dur\u00e9e de lecture estim\u00e9e":"2 minutes"},"schema":{"@context":"https:\/\/schema.org","@graph":[{"@type":"Article","@id":"https:\/\/www.patrickdenis.info\/WordPress3\/cie-vilcanota-people-what-people-avignon-2022\/#article","isPartOf":{"@id":"https:\/\/www.patrickdenis.info\/WordPress3\/cie-vilcanota-people-what-people-avignon-2022\/"},"author":{"name":"Patrick DENIS","@id":"https:\/\/www.patrickdenis.info\/WordPress3\/#\/schema\/person\/d43605ef0d5681c1b27a4ba1fede1cf4"},"headline":"Cie Vilcanota &#8211; People what People ? &#8211; Avignon 2022","datePublished":"2022-08-01T15:11:00+00:00","dateModified":"2024-08-01T15:15:09+00:00","mainEntityOfPage":{"@id":"https:\/\/www.patrickdenis.info\/WordPress3\/cie-vilcanota-people-what-people-avignon-2022\/"},"wordCount":261,"publisher":{"@id":"https:\/\/www.patrickdenis.info\/WordPress3\/#\/schema\/person\/d43605ef0d5681c1b27a4ba1fede1cf4"},"image":{"@id":"https:\/\/www.patrickdenis.info\/WordPress3\/cie-vilcanota-people-what-people-avignon-2022\/#primaryimage"},"thumbnailUrl":"https:\/\/www.patrickdenis.info\/WordPress3\/wp-content\/uploads\/2022\/10\/IMG_5700.jpg","articleSection":["Danse","Festival Avignon"],"inLanguage":"fr-FR"},{"@type":"WebPage","@id":"https:\/\/www.patrickdenis.info\/WordPress3\/cie-vilcanota-people-what-people-avignon-2022\/","url":"https:\/\/www.patrickdenis.info\/WordPress3\/cie-vilcanota-people-what-people-avignon-2022\/","name":"Cie Vilcanota - People what People ? - Avignon 2022 - Patrick DENIS Photographe","isPartOf":{"@id":"https:\/\/www.patrickdenis.info\/WordPress3\/#website"},"primaryImageOfPage":{"@id":"https:\/\/www.patrickdenis.info\/WordPress3\/cie-vilcanota-people-what-people-avignon-2022\/#primaryimage"},"image":{"@id":"https:\/\/www.patrickdenis.info\/WordPress3\/cie-vilcanota-people-what-people-avignon-2022\/#primaryimage"},"thumbnailUrl":"https:\/\/www.patrickdenis.info\/WordPress3\/wp-content\/uploads\/2022\/10\/IMG_5700.jpg","datePublished":"2022-08-01T15:11:00+00:00","dateModified":"2024-08-01T15:15:09+00:00","breadcrumb":{"@id":"https:\/\/www.patrickdenis.info\/WordPress3\/cie-vilcanota-people-what-people-avignon-2022\/#breadcrumb"},"inLanguage":"fr-FR","potentialAction":[{"@type":"ReadAction","target":["https:\/\/www.patrickdenis.info\/WordPress3\/cie-vilcanota-people-what-people-avignon-2022\/"]}]},{"@type":"ImageObject","inLanguage":"fr-FR","@id":"https:\/\/www.patrickdenis.info\/WordPress3\/cie-vilcanota-people-what-people-avignon-2022\/#primaryimage","url":"https:\/\/www.patrickdenis.info\/WordPress3\/wp-content\/uploads\/2022\/10\/IMG_5700.jpg","contentUrl":"https:\/\/www.patrickdenis.info\/WordPress3\/wp-content\/uploads\/2022\/10\/IMG_5700.jpg","width":2048,"height":1367},{"@type":"BreadcrumbList","@id":"https:\/\/www.patrickdenis.info\/WordPress3\/cie-vilcanota-people-what-people-avignon-2022\/#breadcrumb","itemListElement":[{"@type":"ListItem","position":1,"name":"Accueil","item":"https:\/\/www.patrickdenis.info\/WordPress3\/"},{"@type":"ListItem","position":2,"name":"Cie Vilcanota &#8211; People what People ? &#8211; Avignon 2022"}]},{"@type":"WebSite","@id":"https:\/\/www.patrickdenis.info\/WordPress3\/#website","url":"https:\/\/www.patrickdenis.info\/WordPress3\/","name":"Patrick DENIS Photographe","description":"Arts vivants, Cirque, Concert, Danse, Spectacle","publisher":{"@id":"https:\/\/www.patrickdenis.info\/WordPress3\/#\/schema\/person\/d43605ef0d5681c1b27a4ba1fede1cf4"},"potentialAction":[{"@type":"SearchAction","target":{"@type":"EntryPoint","urlTemplate":"https:\/\/www.patrickdenis.info\/WordPress3\/?s={search_term_string}"},"query-input":{"@type":"PropertyValueSpecification","valueRequired":true,"valueName":"search_term_string"}}],"inLanguage":"fr-FR"},{"@type":["Person","Organization"],"@id":"https:\/\/www.patrickdenis.info\/WordPress3\/#\/schema\/person\/d43605ef0d5681c1b27a4ba1fede1cf4","name":"Patrick DENIS","image":{"@type":"ImageObject","inLanguage":"fr-FR","@id":"https:\/\/www.patrickdenis.info\/WordPress3\/wp-content\/uploads\/2023\/01\/cropped-logo_dp_texte-blanc-5.jpg","url":"https:\/\/www.patrickdenis.info\/WordPress3\/wp-content\/uploads\/2023\/01\/cropped-logo_dp_texte-blanc-5.jpg","contentUrl":"https:\/\/www.patrickdenis.info\/WordPress3\/wp-content\/uploads\/2023\/01\/cropped-logo_dp_texte-blanc-5.jpg","width":512,"height":512,"caption":"Patrick DENIS"},"logo":{"@id":"https:\/\/www.patrickdenis.info\/WordPress3\/wp-content\/uploads\/2023\/01\/cropped-logo_dp_texte-blanc-5.jpg"}}]}},"_links":{"self":[{"href":"https:\/\/www.patrickdenis.info\/WordPress3\/wp-json\/wp\/v2\/posts\/7487","targetHints":{"allow":["GET"]}}],"collection":[{"href":"https:\/\/www.patrickdenis.info\/WordPress3\/wp-json\/wp\/v2\/posts"}],"about":[{"href":"https:\/\/www.patrickdenis.info\/WordPress3\/wp-json\/wp\/v2\/types\/post"}],"author":[{"embeddable":true,"href":"https:\/\/www.patrickdenis.info\/WordPress3\/wp-json\/wp\/v2\/users\/1"}],"replies":[{"embeddable":true,"href":"https:\/\/www.patrickdenis.info\/WordPress3\/wp-json\/wp\/v2\/comments?post=7487"}],"version-history":[{"count":4,"href":"https:\/\/www.patrickdenis.info\/WordPress3\/wp-json\/wp\/v2\/posts\/7487\/revisions"}],"predecessor-version":[{"id":7491,"href":"https:\/\/www.patrickdenis.info\/WordPress3\/wp-json\/wp\/v2\/posts\/7487\/revisions\/7491"}],"wp:featuredmedia":[{"embeddable":true,"href":"https:\/\/www.patrickdenis.info\/WordPress3\/wp-json\/wp\/v2\/media\/3913"}],"wp:attachment":[{"href":"https:\/\/www.patrickdenis.info\/WordPress3\/wp-json\/wp\/v2\/media?parent=7487"}],"wp:term":[{"taxonomy":"category","embeddable":true,"href":"https:\/\/www.patrickdenis.info\/WordPress3\/wp-json\/wp\/v2\/categories?post=7487"},{"taxonomy":"post_tag","embeddable":true,"href":"https:\/\/www.patrickdenis.info\/WordPress3\/wp-json\/wp\/v2\/tags?post=7487"}],"curies":[{"name":"wp","href":"https:\/\/api.w.org\/{rel}","templated":true}]}}