{"id":7482,"date":"2022-08-01T17:03:40","date_gmt":"2022-08-01T15:03:40","guid":{"rendered":"https:\/\/www.patrickdenis.info\/WordPress3\/?p=7482"},"modified":"2024-08-01T17:08:38","modified_gmt":"2024-08-01T15:08:38","slug":"nacim-battou-dividus-avignon-2022","status":"publish","type":"post","link":"https:\/\/www.patrickdenis.info\/WordPress3\/nacim-battou-dividus-avignon-2022\/","title":{"rendered":"Nacim Battou &#8211; Dividus &#8211; Avignon 2022"},"content":{"rendered":"\t\t<div data-elementor-type=\"wp-post\" data-elementor-id=\"7482\" class=\"elementor elementor-7482\" data-elementor-post-type=\"post\">\n\t\t\t\t\t\t<section class=\"elementor-section elementor-top-section elementor-element elementor-element-b71549c elementor-section-boxed elementor-section-height-default elementor-section-height-default\" data-id=\"b71549c\" data-element_type=\"section\" data-e-type=\"section\">\n\t\t\t\t\t\t<div class=\"elementor-container elementor-column-gap-default\">\n\t\t\t\t\t<div class=\"elementor-column elementor-col-100 elementor-top-column elementor-element elementor-element-9bd9046\" data-id=\"9bd9046\" data-element_type=\"column\" data-e-type=\"column\">\n\t\t\t<div class=\"elementor-widget-wrap elementor-element-populated\">\n\t\t\t\t\t\t<div class=\"elementor-element elementor-element-d7e5c80 elementor-widget elementor-widget-heading\" data-id=\"d7e5c80\" data-element_type=\"widget\" data-e-type=\"widget\" data-widget_type=\"heading.default\">\n\t\t\t\t<div class=\"elementor-widget-container\">\n\t\t\t\t\t<h2 class=\"elementor-heading-title elementor-size-default\">Festival d'Avignon Off - \"DIVIDUS\" Hip hop et techno, on adore<\/h2>\t\t\t\t<\/div>\n\t\t\t\t<\/div>\n\t\t\t\t\t<\/div>\n\t\t<\/div>\n\t\t\t\t\t<\/div>\n\t\t<\/section>\n\t\t\t\t<section class=\"elementor-section elementor-top-section elementor-element elementor-element-7e248fb elementor-section-boxed elementor-section-height-default elementor-section-height-default\" data-id=\"7e248fb\" data-element_type=\"section\" data-e-type=\"section\">\n\t\t\t\t\t\t<div class=\"elementor-container elementor-column-gap-default\">\n\t\t\t\t\t<div class=\"elementor-column elementor-col-100 elementor-top-column elementor-element elementor-element-a7d2454\" data-id=\"a7d2454\" data-element_type=\"column\" data-e-type=\"column\">\n\t\t\t<div class=\"elementor-widget-wrap elementor-element-populated\">\n\t\t\t\t\t\t<div class=\"elementor-element elementor-element-5216ffa elementor-widget elementor-widget-image\" data-id=\"5216ffa\" data-element_type=\"widget\" data-e-type=\"widget\" data-widget_type=\"image.default\">\n\t\t\t\t<div class=\"elementor-widget-container\">\n\t\t\t\t\t\t\t\t\t\t\t\t\t\t\t<img fetchpriority=\"high\" decoding=\"async\" width=\"2048\" height=\"1367\" src=\"https:\/\/www.patrickdenis.info\/WordPress3\/wp-content\/uploads\/2022\/10\/IMG_4233_1.jpg\" class=\"attachment-2048x2048 size-2048x2048 wp-image-3909\" alt=\"\" srcset=\"https:\/\/www.patrickdenis.info\/WordPress3\/wp-content\/uploads\/2022\/10\/IMG_4233_1.jpg 2048w, https:\/\/www.patrickdenis.info\/WordPress3\/wp-content\/uploads\/2022\/10\/IMG_4233_1-300x200.jpg 300w, https:\/\/www.patrickdenis.info\/WordPress3\/wp-content\/uploads\/2022\/10\/IMG_4233_1-1024x684.jpg 1024w, https:\/\/www.patrickdenis.info\/WordPress3\/wp-content\/uploads\/2022\/10\/IMG_4233_1-768x513.jpg 768w, https:\/\/www.patrickdenis.info\/WordPress3\/wp-content\/uploads\/2022\/10\/IMG_4233_1-2000x1335.jpg 2000w, https:\/\/www.patrickdenis.info\/WordPress3\/wp-content\/uploads\/2022\/10\/IMG_4233_1-1536x1025.jpg 1536w\" sizes=\"(max-width: 2048px) 100vw, 2048px\" \/>\t\t\t\t\t\t\t\t\t\t\t\t\t\t\t<\/div>\n\t\t\t\t<\/div>\n\t\t\t\t\t<\/div>\n\t\t<\/div>\n\t\t\t\t\t<\/div>\n\t\t<\/section>\n\t\t\t\t<section class=\"elementor-section elementor-top-section elementor-element elementor-element-12cd7f4 elementor-section-boxed elementor-section-height-default elementor-section-height-default\" data-id=\"12cd7f4\" data-element_type=\"section\" data-e-type=\"section\">\n\t\t\t\t\t\t<div class=\"elementor-container elementor-column-gap-default\">\n\t\t\t\t\t<div class=\"elementor-column elementor-col-100 elementor-top-column elementor-element elementor-element-e600537\" data-id=\"e600537\" data-element_type=\"column\" data-e-type=\"column\">\n\t\t\t<div class=\"elementor-widget-wrap elementor-element-populated\">\n\t\t\t\t\t\t<div class=\"elementor-element elementor-element-29cef22 elementor-widget elementor-widget-text-editor\" data-id=\"29cef22\" data-element_type=\"widget\" data-e-type=\"widget\" data-widget_type=\"text-editor.default\">\n\t\t\t\t<div class=\"elementor-widget-container\">\n\t\t\t\t\t\t\t\t\t<p>A l\u2019image de son parcours pluridisciplinaire, le chor\u00e9graphe Nacim Battou signe avec Dividus un spectacle m\u00ealant danse contemporaine, hip hop et cirque, une pi\u00e8ce pour sept danseurs o\u00f9 il interroge la n\u00e9cessit\u00e9 du spectacle vivant et pose la question de ce que nous pourrions laisser aux g\u00e9n\u00e9rations futures.<\/p><p>Le spectacle d\u00e9marre avec une s\u00e9quence vid\u00e9o o\u00f9 les danseurs sont dans la transparence de l\u2019\u00e9cran, le flou et la fum\u00e9e\u2026 le relever de ce tissu semi-transparent va voir la bande son s\u2019emballer avec une chor\u00e9graphie qui est \u00e0 la limite de la transe avec des rythmes hypnotiques. Ces passages r\u00e9p\u00e9titifs font la part belle aux mouvements d\u2019ensemble synchronis\u00e9s.<\/p><p>Puis changement de costume pour laisser libre cours \u00e0 la f\u00eate sur le titre culte de Screamin\u2019 Jay Hawkins \u00ab\u00a0I put a spell on you\u00a0\u00bb et pour conclure sur un final techno o\u00f9 le l\u00e2cher prise et la danse instinctive prennent le dessus sur les compositions organis\u00e9es et structur\u00e9es.<\/p><p>C\u2019est moderne et plein d\u2019\u00e9nergie, le m\u00e9lange Hip hop et techno, on adore\u00a0!<\/p><p><strong>DIVIDUS &#8211; HIVERNALES (LES) &#8211; CDCN d&#8217;Avignon<\/strong><br \/>Jusqu\u2019 au 20 juillet \u00e0 17h &#8211; Rel\u00e2che : 15 juillet<\/p><p>Tarifs : 19\/ 13\/ 7\u20ac<\/p><p>R\u00e9servations\u00a0: +33 4 90 82 33 12<\/p><p style=\"text-align: center;\"><a href=\"https:\/\/www.laprovence.com\/article\/critiques-avignon-off\/6839109\/dividus-hip-hop-et-techno-on-adore.html\" target=\"_blank\" rel=\"noopener\">&gt;&gt;&gt;&gt; Publication originale &lt;&lt;&lt;&lt;<\/a><\/p>\t\t\t\t\t\t\t\t<\/div>\n\t\t\t\t<\/div>\n\t\t\t\t\t<\/div>\n\t\t<\/div>\n\t\t\t\t\t<\/div>\n\t\t<\/section>\n\t\t\t\t<section class=\"elementor-section elementor-top-section elementor-element elementor-element-b020fe4 elementor-section-boxed elementor-section-height-default elementor-section-height-default\" data-id=\"b020fe4\" data-element_type=\"section\" data-e-type=\"section\">\n\t\t\t\t\t\t<div class=\"elementor-container elementor-column-gap-default\">\n\t\t\t\t\t<div class=\"elementor-column elementor-col-100 elementor-top-column elementor-element elementor-element-a55f1ff\" data-id=\"a55f1ff\" data-element_type=\"column\" data-e-type=\"column\">\n\t\t\t<div class=\"elementor-widget-wrap elementor-element-populated\">\n\t\t\t\t\t\t<div class=\"elementor-element elementor-element-8c8d5fd elementor-widget elementor-widget-image\" data-id=\"8c8d5fd\" data-element_type=\"widget\" data-e-type=\"widget\" data-widget_type=\"image.default\">\n\t\t\t\t<div class=\"elementor-widget-container\">\n\t\t\t\t\t\t\t\t\t\t\t\t\t\t\t<img decoding=\"async\" width=\"869\" height=\"846\" src=\"https:\/\/www.patrickdenis.info\/WordPress3\/wp-content\/uploads\/2022\/10\/06-Dividus-1.png\" class=\"attachment-2048x2048 size-2048x2048 wp-image-3879\" alt=\"\" srcset=\"https:\/\/www.patrickdenis.info\/WordPress3\/wp-content\/uploads\/2022\/10\/06-Dividus-1.png 869w, https:\/\/www.patrickdenis.info\/WordPress3\/wp-content\/uploads\/2022\/10\/06-Dividus-1-300x292.png 300w, https:\/\/www.patrickdenis.info\/WordPress3\/wp-content\/uploads\/2022\/10\/06-Dividus-1-768x748.png 768w\" sizes=\"(max-width: 869px) 100vw, 869px\" \/>\t\t\t\t\t\t\t\t\t\t\t\t\t\t\t<\/div>\n\t\t\t\t<\/div>\n\t\t\t\t\t<\/div>\n\t\t<\/div>\n\t\t\t\t\t<\/div>\n\t\t<\/section>\n\t\t\t\t<\/div>\n\t\t","protected":false},"excerpt":{"rendered":"<p>Festival d&#8217;Avignon Off &#8211; &#8220;DIVIDUS&#8221; Hip hop et techno, on adore A l\u2019image de son parcours pluridisciplinaire, le chor\u00e9graphe Nacim Battou signe avec Dividus un spectacle m\u00ealant danse contemporaine, hip hop et cirque, une pi\u00e8ce pour sept danseurs o\u00f9 il interroge la n\u00e9cessit\u00e9 du spectacle vivant et pose la question de ce que nous pourrions [&hellip;]<\/p>\n","protected":false},"author":1,"featured_media":3909,"comment_status":"closed","ping_status":"open","sticky":false,"template":"","format":"standard","meta":{"footnotes":""},"categories":[30,56],"tags":[],"class_list":["post-7482","post","type-post","status-publish","format-standard","has-post-thumbnail","hentry","category-danse","category-festivalavignon"],"yoast_head":"<!-- This site is optimized with the Yoast SEO plugin v27.4 - https:\/\/yoast.com\/product\/yoast-seo-wordpress\/ -->\n<title>Nacim Battou - Dividus - Avignon 2022 - Patrick DENIS Photographe<\/title>\n<meta name=\"robots\" content=\"index, follow, max-snippet:-1, max-image-preview:large, max-video-preview:-1\" \/>\n<link rel=\"canonical\" href=\"https:\/\/www.patrickdenis.info\/WordPress3\/nacim-battou-dividus-avignon-2022\/\" \/>\n<meta property=\"og:locale\" content=\"fr_FR\" \/>\n<meta property=\"og:type\" content=\"article\" \/>\n<meta property=\"og:title\" content=\"Nacim Battou - Dividus - Avignon 2022 - Patrick DENIS Photographe\" \/>\n<meta property=\"og:description\" content=\"Festival d&#8217;Avignon Off &#8211; &#8220;DIVIDUS&#8221; Hip hop et techno, on adore A l\u2019image de son parcours pluridisciplinaire, le chor\u00e9graphe Nacim Battou signe avec Dividus un spectacle m\u00ealant danse contemporaine, hip hop et cirque, une pi\u00e8ce pour sept danseurs o\u00f9 il interroge la n\u00e9cessit\u00e9 du spectacle vivant et pose la question de ce que nous pourrions [&hellip;]\" \/>\n<meta property=\"og:url\" content=\"https:\/\/www.patrickdenis.info\/WordPress3\/nacim-battou-dividus-avignon-2022\/\" \/>\n<meta property=\"og:site_name\" content=\"Patrick DENIS Photographe\" \/>\n<meta property=\"article:published_time\" content=\"2022-08-01T15:03:40+00:00\" \/>\n<meta property=\"article:modified_time\" content=\"2024-08-01T15:08:38+00:00\" \/>\n<meta property=\"og:image\" content=\"https:\/\/www.patrickdenis.info\/WordPress3\/wp-content\/uploads\/2022\/10\/IMG_4233_1.jpg\" \/>\n\t<meta property=\"og:image:width\" content=\"2048\" \/>\n\t<meta property=\"og:image:height\" content=\"1367\" \/>\n\t<meta property=\"og:image:type\" content=\"image\/jpeg\" \/>\n<meta name=\"author\" content=\"Patrick DENIS\" \/>\n<meta name=\"twitter:card\" content=\"summary_large_image\" \/>\n<meta name=\"twitter:label1\" content=\"\u00c9crit par\" \/>\n\t<meta name=\"twitter:data1\" content=\"Patrick DENIS\" \/>\n\t<meta name=\"twitter:label2\" content=\"Dur\u00e9e de lecture estim\u00e9e\" \/>\n\t<meta name=\"twitter:data2\" content=\"2 minutes\" \/>\n<script type=\"application\/ld+json\" class=\"yoast-schema-graph\">{\"@context\":\"https:\\\/\\\/schema.org\",\"@graph\":[{\"@type\":\"Article\",\"@id\":\"https:\\\/\\\/www.patrickdenis.info\\\/WordPress3\\\/nacim-battou-dividus-avignon-2022\\\/#article\",\"isPartOf\":{\"@id\":\"https:\\\/\\\/www.patrickdenis.info\\\/WordPress3\\\/nacim-battou-dividus-avignon-2022\\\/\"},\"author\":{\"name\":\"Patrick DENIS\",\"@id\":\"https:\\\/\\\/www.patrickdenis.info\\\/WordPress3\\\/#\\\/schema\\\/person\\\/d43605ef0d5681c1b27a4ba1fede1cf4\"},\"headline\":\"Nacim Battou &#8211; Dividus &#8211; Avignon 2022\",\"datePublished\":\"2022-08-01T15:03:40+00:00\",\"dateModified\":\"2024-08-01T15:08:38+00:00\",\"mainEntityOfPage\":{\"@id\":\"https:\\\/\\\/www.patrickdenis.info\\\/WordPress3\\\/nacim-battou-dividus-avignon-2022\\\/\"},\"wordCount\":239,\"publisher\":{\"@id\":\"https:\\\/\\\/www.patrickdenis.info\\\/WordPress3\\\/#\\\/schema\\\/person\\\/d43605ef0d5681c1b27a4ba1fede1cf4\"},\"image\":{\"@id\":\"https:\\\/\\\/www.patrickdenis.info\\\/WordPress3\\\/nacim-battou-dividus-avignon-2022\\\/#primaryimage\"},\"thumbnailUrl\":\"https:\\\/\\\/www.patrickdenis.info\\\/WordPress3\\\/wp-content\\\/uploads\\\/2022\\\/10\\\/IMG_4233_1.jpg\",\"articleSection\":[\"Danse\",\"Festival Avignon\"],\"inLanguage\":\"fr-FR\"},{\"@type\":\"WebPage\",\"@id\":\"https:\\\/\\\/www.patrickdenis.info\\\/WordPress3\\\/nacim-battou-dividus-avignon-2022\\\/\",\"url\":\"https:\\\/\\\/www.patrickdenis.info\\\/WordPress3\\\/nacim-battou-dividus-avignon-2022\\\/\",\"name\":\"Nacim Battou - Dividus - Avignon 2022 - Patrick DENIS Photographe\",\"isPartOf\":{\"@id\":\"https:\\\/\\\/www.patrickdenis.info\\\/WordPress3\\\/#website\"},\"primaryImageOfPage\":{\"@id\":\"https:\\\/\\\/www.patrickdenis.info\\\/WordPress3\\\/nacim-battou-dividus-avignon-2022\\\/#primaryimage\"},\"image\":{\"@id\":\"https:\\\/\\\/www.patrickdenis.info\\\/WordPress3\\\/nacim-battou-dividus-avignon-2022\\\/#primaryimage\"},\"thumbnailUrl\":\"https:\\\/\\\/www.patrickdenis.info\\\/WordPress3\\\/wp-content\\\/uploads\\\/2022\\\/10\\\/IMG_4233_1.jpg\",\"datePublished\":\"2022-08-01T15:03:40+00:00\",\"dateModified\":\"2024-08-01T15:08:38+00:00\",\"breadcrumb\":{\"@id\":\"https:\\\/\\\/www.patrickdenis.info\\\/WordPress3\\\/nacim-battou-dividus-avignon-2022\\\/#breadcrumb\"},\"inLanguage\":\"fr-FR\",\"potentialAction\":[{\"@type\":\"ReadAction\",\"target\":[\"https:\\\/\\\/www.patrickdenis.info\\\/WordPress3\\\/nacim-battou-dividus-avignon-2022\\\/\"]}]},{\"@type\":\"ImageObject\",\"inLanguage\":\"fr-FR\",\"@id\":\"https:\\\/\\\/www.patrickdenis.info\\\/WordPress3\\\/nacim-battou-dividus-avignon-2022\\\/#primaryimage\",\"url\":\"https:\\\/\\\/www.patrickdenis.info\\\/WordPress3\\\/wp-content\\\/uploads\\\/2022\\\/10\\\/IMG_4233_1.jpg\",\"contentUrl\":\"https:\\\/\\\/www.patrickdenis.info\\\/WordPress3\\\/wp-content\\\/uploads\\\/2022\\\/10\\\/IMG_4233_1.jpg\",\"width\":2048,\"height\":1367},{\"@type\":\"BreadcrumbList\",\"@id\":\"https:\\\/\\\/www.patrickdenis.info\\\/WordPress3\\\/nacim-battou-dividus-avignon-2022\\\/#breadcrumb\",\"itemListElement\":[{\"@type\":\"ListItem\",\"position\":1,\"name\":\"Accueil\",\"item\":\"https:\\\/\\\/www.patrickdenis.info\\\/WordPress3\\\/\"},{\"@type\":\"ListItem\",\"position\":2,\"name\":\"Nacim Battou &#8211; Dividus &#8211; Avignon 2022\"}]},{\"@type\":\"WebSite\",\"@id\":\"https:\\\/\\\/www.patrickdenis.info\\\/WordPress3\\\/#website\",\"url\":\"https:\\\/\\\/www.patrickdenis.info\\\/WordPress3\\\/\",\"name\":\"Patrick DENIS Photographe\",\"description\":\"Arts vivants, Cirque, Concert, Danse, Spectacle\",\"publisher\":{\"@id\":\"https:\\\/\\\/www.patrickdenis.info\\\/WordPress3\\\/#\\\/schema\\\/person\\\/d43605ef0d5681c1b27a4ba1fede1cf4\"},\"potentialAction\":[{\"@type\":\"SearchAction\",\"target\":{\"@type\":\"EntryPoint\",\"urlTemplate\":\"https:\\\/\\\/www.patrickdenis.info\\\/WordPress3\\\/?s={search_term_string}\"},\"query-input\":{\"@type\":\"PropertyValueSpecification\",\"valueRequired\":true,\"valueName\":\"search_term_string\"}}],\"inLanguage\":\"fr-FR\"},{\"@type\":[\"Person\",\"Organization\"],\"@id\":\"https:\\\/\\\/www.patrickdenis.info\\\/WordPress3\\\/#\\\/schema\\\/person\\\/d43605ef0d5681c1b27a4ba1fede1cf4\",\"name\":\"Patrick DENIS\",\"image\":{\"@type\":\"ImageObject\",\"inLanguage\":\"fr-FR\",\"@id\":\"https:\\\/\\\/www.patrickdenis.info\\\/WordPress3\\\/wp-content\\\/uploads\\\/2023\\\/01\\\/cropped-logo_dp_texte-blanc-5.jpg\",\"url\":\"https:\\\/\\\/www.patrickdenis.info\\\/WordPress3\\\/wp-content\\\/uploads\\\/2023\\\/01\\\/cropped-logo_dp_texte-blanc-5.jpg\",\"contentUrl\":\"https:\\\/\\\/www.patrickdenis.info\\\/WordPress3\\\/wp-content\\\/uploads\\\/2023\\\/01\\\/cropped-logo_dp_texte-blanc-5.jpg\",\"width\":512,\"height\":512,\"caption\":\"Patrick DENIS\"},\"logo\":{\"@id\":\"https:\\\/\\\/www.patrickdenis.info\\\/WordPress3\\\/wp-content\\\/uploads\\\/2023\\\/01\\\/cropped-logo_dp_texte-blanc-5.jpg\"}}]}<\/script>\n<!-- \/ Yoast SEO plugin. -->","yoast_head_json":{"title":"Nacim Battou - Dividus - Avignon 2022 - Patrick DENIS Photographe","robots":{"index":"index","follow":"follow","max-snippet":"max-snippet:-1","max-image-preview":"max-image-preview:large","max-video-preview":"max-video-preview:-1"},"canonical":"https:\/\/www.patrickdenis.info\/WordPress3\/nacim-battou-dividus-avignon-2022\/","og_locale":"fr_FR","og_type":"article","og_title":"Nacim Battou - Dividus - Avignon 2022 - Patrick DENIS Photographe","og_description":"Festival d&#8217;Avignon Off &#8211; &#8220;DIVIDUS&#8221; Hip hop et techno, on adore A l\u2019image de son parcours pluridisciplinaire, le chor\u00e9graphe Nacim Battou signe avec Dividus un spectacle m\u00ealant danse contemporaine, hip hop et cirque, une pi\u00e8ce pour sept danseurs o\u00f9 il interroge la n\u00e9cessit\u00e9 du spectacle vivant et pose la question de ce que nous pourrions [&hellip;]","og_url":"https:\/\/www.patrickdenis.info\/WordPress3\/nacim-battou-dividus-avignon-2022\/","og_site_name":"Patrick DENIS Photographe","article_published_time":"2022-08-01T15:03:40+00:00","article_modified_time":"2024-08-01T15:08:38+00:00","og_image":[{"width":2048,"height":1367,"url":"https:\/\/www.patrickdenis.info\/WordPress3\/wp-content\/uploads\/2022\/10\/IMG_4233_1.jpg","type":"image\/jpeg"}],"author":"Patrick DENIS","twitter_card":"summary_large_image","twitter_misc":{"\u00c9crit par":"Patrick DENIS","Dur\u00e9e de lecture estim\u00e9e":"2 minutes"},"schema":{"@context":"https:\/\/schema.org","@graph":[{"@type":"Article","@id":"https:\/\/www.patrickdenis.info\/WordPress3\/nacim-battou-dividus-avignon-2022\/#article","isPartOf":{"@id":"https:\/\/www.patrickdenis.info\/WordPress3\/nacim-battou-dividus-avignon-2022\/"},"author":{"name":"Patrick DENIS","@id":"https:\/\/www.patrickdenis.info\/WordPress3\/#\/schema\/person\/d43605ef0d5681c1b27a4ba1fede1cf4"},"headline":"Nacim Battou &#8211; Dividus &#8211; Avignon 2022","datePublished":"2022-08-01T15:03:40+00:00","dateModified":"2024-08-01T15:08:38+00:00","mainEntityOfPage":{"@id":"https:\/\/www.patrickdenis.info\/WordPress3\/nacim-battou-dividus-avignon-2022\/"},"wordCount":239,"publisher":{"@id":"https:\/\/www.patrickdenis.info\/WordPress3\/#\/schema\/person\/d43605ef0d5681c1b27a4ba1fede1cf4"},"image":{"@id":"https:\/\/www.patrickdenis.info\/WordPress3\/nacim-battou-dividus-avignon-2022\/#primaryimage"},"thumbnailUrl":"https:\/\/www.patrickdenis.info\/WordPress3\/wp-content\/uploads\/2022\/10\/IMG_4233_1.jpg","articleSection":["Danse","Festival Avignon"],"inLanguage":"fr-FR"},{"@type":"WebPage","@id":"https:\/\/www.patrickdenis.info\/WordPress3\/nacim-battou-dividus-avignon-2022\/","url":"https:\/\/www.patrickdenis.info\/WordPress3\/nacim-battou-dividus-avignon-2022\/","name":"Nacim Battou - Dividus - Avignon 2022 - Patrick DENIS Photographe","isPartOf":{"@id":"https:\/\/www.patrickdenis.info\/WordPress3\/#website"},"primaryImageOfPage":{"@id":"https:\/\/www.patrickdenis.info\/WordPress3\/nacim-battou-dividus-avignon-2022\/#primaryimage"},"image":{"@id":"https:\/\/www.patrickdenis.info\/WordPress3\/nacim-battou-dividus-avignon-2022\/#primaryimage"},"thumbnailUrl":"https:\/\/www.patrickdenis.info\/WordPress3\/wp-content\/uploads\/2022\/10\/IMG_4233_1.jpg","datePublished":"2022-08-01T15:03:40+00:00","dateModified":"2024-08-01T15:08:38+00:00","breadcrumb":{"@id":"https:\/\/www.patrickdenis.info\/WordPress3\/nacim-battou-dividus-avignon-2022\/#breadcrumb"},"inLanguage":"fr-FR","potentialAction":[{"@type":"ReadAction","target":["https:\/\/www.patrickdenis.info\/WordPress3\/nacim-battou-dividus-avignon-2022\/"]}]},{"@type":"ImageObject","inLanguage":"fr-FR","@id":"https:\/\/www.patrickdenis.info\/WordPress3\/nacim-battou-dividus-avignon-2022\/#primaryimage","url":"https:\/\/www.patrickdenis.info\/WordPress3\/wp-content\/uploads\/2022\/10\/IMG_4233_1.jpg","contentUrl":"https:\/\/www.patrickdenis.info\/WordPress3\/wp-content\/uploads\/2022\/10\/IMG_4233_1.jpg","width":2048,"height":1367},{"@type":"BreadcrumbList","@id":"https:\/\/www.patrickdenis.info\/WordPress3\/nacim-battou-dividus-avignon-2022\/#breadcrumb","itemListElement":[{"@type":"ListItem","position":1,"name":"Accueil","item":"https:\/\/www.patrickdenis.info\/WordPress3\/"},{"@type":"ListItem","position":2,"name":"Nacim Battou &#8211; Dividus &#8211; Avignon 2022"}]},{"@type":"WebSite","@id":"https:\/\/www.patrickdenis.info\/WordPress3\/#website","url":"https:\/\/www.patrickdenis.info\/WordPress3\/","name":"Patrick DENIS Photographe","description":"Arts vivants, Cirque, Concert, Danse, Spectacle","publisher":{"@id":"https:\/\/www.patrickdenis.info\/WordPress3\/#\/schema\/person\/d43605ef0d5681c1b27a4ba1fede1cf4"},"potentialAction":[{"@type":"SearchAction","target":{"@type":"EntryPoint","urlTemplate":"https:\/\/www.patrickdenis.info\/WordPress3\/?s={search_term_string}"},"query-input":{"@type":"PropertyValueSpecification","valueRequired":true,"valueName":"search_term_string"}}],"inLanguage":"fr-FR"},{"@type":["Person","Organization"],"@id":"https:\/\/www.patrickdenis.info\/WordPress3\/#\/schema\/person\/d43605ef0d5681c1b27a4ba1fede1cf4","name":"Patrick DENIS","image":{"@type":"ImageObject","inLanguage":"fr-FR","@id":"https:\/\/www.patrickdenis.info\/WordPress3\/wp-content\/uploads\/2023\/01\/cropped-logo_dp_texte-blanc-5.jpg","url":"https:\/\/www.patrickdenis.info\/WordPress3\/wp-content\/uploads\/2023\/01\/cropped-logo_dp_texte-blanc-5.jpg","contentUrl":"https:\/\/www.patrickdenis.info\/WordPress3\/wp-content\/uploads\/2023\/01\/cropped-logo_dp_texte-blanc-5.jpg","width":512,"height":512,"caption":"Patrick DENIS"},"logo":{"@id":"https:\/\/www.patrickdenis.info\/WordPress3\/wp-content\/uploads\/2023\/01\/cropped-logo_dp_texte-blanc-5.jpg"}}]}},"_links":{"self":[{"href":"https:\/\/www.patrickdenis.info\/WordPress3\/wp-json\/wp\/v2\/posts\/7482","targetHints":{"allow":["GET"]}}],"collection":[{"href":"https:\/\/www.patrickdenis.info\/WordPress3\/wp-json\/wp\/v2\/posts"}],"about":[{"href":"https:\/\/www.patrickdenis.info\/WordPress3\/wp-json\/wp\/v2\/types\/post"}],"author":[{"embeddable":true,"href":"https:\/\/www.patrickdenis.info\/WordPress3\/wp-json\/wp\/v2\/users\/1"}],"replies":[{"embeddable":true,"href":"https:\/\/www.patrickdenis.info\/WordPress3\/wp-json\/wp\/v2\/comments?post=7482"}],"version-history":[{"count":4,"href":"https:\/\/www.patrickdenis.info\/WordPress3\/wp-json\/wp\/v2\/posts\/7482\/revisions"}],"predecessor-version":[{"id":7486,"href":"https:\/\/www.patrickdenis.info\/WordPress3\/wp-json\/wp\/v2\/posts\/7482\/revisions\/7486"}],"wp:featuredmedia":[{"embeddable":true,"href":"https:\/\/www.patrickdenis.info\/WordPress3\/wp-json\/wp\/v2\/media\/3909"}],"wp:attachment":[{"href":"https:\/\/www.patrickdenis.info\/WordPress3\/wp-json\/wp\/v2\/media?parent=7482"}],"wp:term":[{"taxonomy":"category","embeddable":true,"href":"https:\/\/www.patrickdenis.info\/WordPress3\/wp-json\/wp\/v2\/categories?post=7482"},{"taxonomy":"post_tag","embeddable":true,"href":"https:\/\/www.patrickdenis.info\/WordPress3\/wp-json\/wp\/v2\/tags?post=7482"}],"curies":[{"name":"wp","href":"https:\/\/api.w.org\/{rel}","templated":true}]}}