{"id":7224,"date":"2024-07-21T17:34:58","date_gmt":"2024-07-21T15:34:58","guid":{"rendered":"https:\/\/www.patrickdenis.info\/WordPress3\/?p=7224"},"modified":"2024-07-22T11:01:12","modified_gmt":"2024-07-22T09:01:12","slug":"lhumeur-du-jaune-doeuf-a-midi-des-poesie-mises-en-musique-et-theatralisees-avignon-2024","status":"publish","type":"post","link":"https:\/\/www.patrickdenis.info\/WordPress3\/lhumeur-du-jaune-doeuf-a-midi-des-poesie-mises-en-musique-et-theatralisees-avignon-2024\/","title":{"rendered":"\u00ab\u00a0L&#8217;humeur du jaune d\u2019\u0153uf \u00e0 midi \u00bb des po\u00e9sie mises en musique et th\u00e9\u00e2tralis\u00e9es &#8211; Avignon 2024"},"content":{"rendered":"\t\t<div data-elementor-type=\"wp-post\" data-elementor-id=\"7224\" class=\"elementor elementor-7224\" data-elementor-post-type=\"post\">\n\t\t\t\t\t\t<section class=\"elementor-section elementor-top-section elementor-element elementor-element-4c3adb2 elementor-section-boxed elementor-section-height-default elementor-section-height-default\" data-id=\"4c3adb2\" data-element_type=\"section\" data-e-type=\"section\">\n\t\t\t\t\t\t<div class=\"elementor-container elementor-column-gap-default\">\n\t\t\t\t\t<div class=\"elementor-column elementor-col-100 elementor-top-column elementor-element elementor-element-eae8d38\" data-id=\"eae8d38\" data-element_type=\"column\" data-e-type=\"column\">\n\t\t\t<div class=\"elementor-widget-wrap elementor-element-populated\">\n\t\t\t\t\t\t<div class=\"elementor-element elementor-element-40cd413 elementor-widget elementor-widget-heading\" data-id=\"40cd413\" data-element_type=\"widget\" data-e-type=\"widget\" data-widget_type=\"heading.default\">\n\t\t\t\t<div class=\"elementor-widget-container\">\n\t\t\t\t\t<h2 class=\"elementor-heading-title elementor-size-default\">Festival d\u2019Avignon Off : \u00ab L'humeur du jaune d\u2019\u0153uf \u00e0 midi \u00bb des po\u00e9sie mises en musique et th\u00e9\u00e2tralis\u00e9es, on est scotch\u00e9 !<\/h2>\t\t\t\t<\/div>\n\t\t\t\t<\/div>\n\t\t\t\t\t<\/div>\n\t\t<\/div>\n\t\t\t\t\t<\/div>\n\t\t<\/section>\n\t\t\t\t<section class=\"elementor-section elementor-top-section elementor-element elementor-element-f260d70 elementor-section-boxed elementor-section-height-default elementor-section-height-default\" data-id=\"f260d70\" data-element_type=\"section\" data-e-type=\"section\">\n\t\t\t\t\t\t<div class=\"elementor-container elementor-column-gap-default\">\n\t\t\t\t\t<div class=\"elementor-column elementor-col-100 elementor-top-column elementor-element elementor-element-02f7691\" data-id=\"02f7691\" data-element_type=\"column\" data-e-type=\"column\">\n\t\t\t<div class=\"elementor-widget-wrap elementor-element-populated\">\n\t\t\t\t\t\t<div class=\"elementor-element elementor-element-1776cc2 elementor-widget elementor-widget-image\" data-id=\"1776cc2\" data-element_type=\"widget\" data-e-type=\"widget\" data-widget_type=\"image.default\">\n\t\t\t\t<div class=\"elementor-widget-container\">\n\t\t\t\t\t\t\t\t\t\t\t\t\t\t\t<img fetchpriority=\"high\" decoding=\"async\" width=\"1536\" height=\"864\" src=\"https:\/\/www.patrickdenis.info\/WordPress3\/wp-content\/uploads\/2024\/07\/Dimone-IMG_3297-Photo-Patrick_DENIS.webp\" class=\"attachment-full size-full wp-image-7226\" alt=\"\" srcset=\"https:\/\/www.patrickdenis.info\/WordPress3\/wp-content\/uploads\/2024\/07\/Dimone-IMG_3297-Photo-Patrick_DENIS.webp 1536w, https:\/\/www.patrickdenis.info\/WordPress3\/wp-content\/uploads\/2024\/07\/Dimone-IMG_3297-Photo-Patrick_DENIS-300x169.webp 300w, https:\/\/www.patrickdenis.info\/WordPress3\/wp-content\/uploads\/2024\/07\/Dimone-IMG_3297-Photo-Patrick_DENIS-1024x576.webp 1024w, https:\/\/www.patrickdenis.info\/WordPress3\/wp-content\/uploads\/2024\/07\/Dimone-IMG_3297-Photo-Patrick_DENIS-768x432.webp 768w\" sizes=\"(max-width: 1536px) 100vw, 1536px\" \/>\t\t\t\t\t\t\t\t\t\t\t\t\t\t\t<\/div>\n\t\t\t\t<\/div>\n\t\t\t\t\t<\/div>\n\t\t<\/div>\n\t\t\t\t\t<\/div>\n\t\t<\/section>\n\t\t\t\t<section class=\"elementor-section elementor-top-section elementor-element elementor-element-6ac902a elementor-section-boxed elementor-section-height-default elementor-section-height-default\" data-id=\"6ac902a\" data-element_type=\"section\" data-e-type=\"section\">\n\t\t\t\t\t\t<div class=\"elementor-container elementor-column-gap-default\">\n\t\t\t\t\t<div class=\"elementor-column elementor-col-100 elementor-top-column elementor-element elementor-element-b4c33df\" data-id=\"b4c33df\" data-element_type=\"column\" data-e-type=\"column\">\n\t\t\t<div class=\"elementor-widget-wrap elementor-element-populated\">\n\t\t\t\t\t\t<div class=\"elementor-element elementor-element-d0d445f elementor-widget elementor-widget-text-editor\" data-id=\"d0d445f\" data-element_type=\"widget\" data-e-type=\"widget\" data-widget_type=\"text-editor.default\">\n\t\t\t\t<div class=\"elementor-widget-container\">\n\t\t\t\t\t\t\t\t\t<p><strong>On a vu \u00e0 la Scierie le spectacle de Dimon\u00e9 \u00ab\u00a0L&#8217;humeur du jaune d\u2019\u0153uf \u00e0 midi \u00bb<\/strong><\/p><p>Dimon\u00e9 est auteur, compositeur, interpr\u00e8te de chansons. Son premier album est paru en 1998 et il en a sorti quatre autres depuis. Apr\u00e8s toutes ces ann\u00e9es, il a eu envie de se recentrer sur l\u2019\u00e9criture et c\u2019est comme \u00e7a qu\u2019il a \u00e9crit un recueil de textes et de po\u00e9sies\u00a0: \u00ab\u00a0L&#8217;humeur du jaune d\u2019\u0153uf \u00e0 midi \u00bb\u2026 Mais il reste un musicien et l\u2019envie de th\u00e9\u00e2traliser ces textes et de les mettre en musique est venue naturellement, ce spectacle \u00e9tait n\u00e9\u00a0!<\/p><p>En solo sur sc\u00e8ne Dimon\u00e9 joue de la guitare \u00e9lectrique (plut\u00f4t tr\u00e8s bien d\u2019ailleurs), il utilise un sampler pour enregistrer et diffuser des boucles et il chante avec sa voix rocailleuse. Ces textes que Dimon\u00e9 veut mettre en avant, il les a \u00e9crits chez lui en partant parfois d\u2019une id\u00e9e toute simple comme la poussi\u00e8re\u00a0: <em>\u00ab\u00a0Dans tous les cas \u00e7a finit par se poser, par se d\u00e9poser. C\u2019est son destin. C\u2019est propre \u00e0 la poussi\u00e8re de tomber, de se d\u00e9poser, c\u2019est m\u00eame l\u00e0 qu\u2019elle se fait remarquer.\u00a0\u00bb<\/em><\/p><p>Les textes sont denses et percutants\u2026 il n\u2019est pas certain de pouvoir en capter toutes les subtilit\u00e9s \u00e0 la premi\u00e8re \u00e9coute\u2026 Ce n\u2019est pas grave car Dimon\u00e9 les a imprim\u00e9s sur un petit recueil en tirage limit\u00e9\u2026 A suivre\u00a0!<\/p><p><strong>\u00ab L&#8217;humeur du jaune d\u2019\u0153uf \u00e0 midi \u00bb la Scierie<\/strong><br \/>15 bd du quai St Lazare \u2013 Avignon<br \/>Termin\u00e9 depuis le 17 juillet<\/p><p><a href=\"https:\/\/www.festivaloffavignon.com\/spectacles\/4591-l-humeur-du-jaune-d-oeuf-midi\" target=\"_blank\" rel=\"noopener\">www.festivaloffavignon.com\/spectacles\/4591-l-humeur-du-jaune-d-oeuf-midi<\/a><br \/><a href=\"https:\/\/www.laprovence.com\/article\/festival-davignon\/5187049175365414\/festival-d-avignon-off-lhumeur-du-jaune-d-oeuf-a-midi-des-poesies-mises-en-musique-et-theatralisees-on-est-scotche\" target=\"_blank\" rel=\"noopener\">www.laprovence.com\/article\/festival-davignon<\/a><\/p><p><strong>Photo\u00a0: Patrick Denis<\/strong><\/p>\t\t\t\t\t\t\t\t<\/div>\n\t\t\t\t<\/div>\n\t\t\t\t\t<\/div>\n\t\t<\/div>\n\t\t\t\t\t<\/div>\n\t\t<\/section>\n\t\t\t\t<\/div>\n\t\t","protected":false},"excerpt":{"rendered":"<p>Festival d\u2019Avignon Off : \u00ab L&#8217;humeur du jaune d\u2019\u0153uf \u00e0 midi \u00bb des po\u00e9sie mises en musique et th\u00e9\u00e2tralis\u00e9es, on est scotch\u00e9 ! On a vu \u00e0 la Scierie le spectacle de Dimon\u00e9 \u00ab\u00a0L&#8217;humeur du jaune d\u2019\u0153uf \u00e0 midi \u00bb Dimon\u00e9 est auteur, compositeur, interpr\u00e8te de chansons. Son premier album est paru en 1998 et [&hellip;]<\/p>\n","protected":false},"author":1,"featured_media":7226,"comment_status":"closed","ping_status":"open","sticky":false,"template":"","format":"standard","meta":{"footnotes":""},"categories":[29,56,33],"tags":[],"class_list":["post-7224","post","type-post","status-publish","format-standard","has-post-thumbnail","hentry","category-concert","category-festivalavignon","category-theatre"],"yoast_head":"<!-- This site is optimized with the Yoast SEO plugin v27.4 - https:\/\/yoast.com\/product\/yoast-seo-wordpress\/ -->\n<title>\u00ab\u00a0L&#039;humeur du jaune d\u2019\u0153uf \u00e0 midi \u00bb des po\u00e9sie mises en musique et th\u00e9\u00e2tralis\u00e9es - Avignon 2024 - Patrick DENIS Photographe<\/title>\n<meta name=\"robots\" content=\"index, follow, max-snippet:-1, max-image-preview:large, max-video-preview:-1\" \/>\n<link rel=\"canonical\" href=\"https:\/\/www.patrickdenis.info\/WordPress3\/lhumeur-du-jaune-doeuf-a-midi-des-poesie-mises-en-musique-et-theatralisees-avignon-2024\/\" \/>\n<meta property=\"og:locale\" content=\"fr_FR\" \/>\n<meta property=\"og:type\" content=\"article\" \/>\n<meta property=\"og:title\" content=\"\u00ab\u00a0L&#039;humeur du jaune d\u2019\u0153uf \u00e0 midi \u00bb des po\u00e9sie mises en musique et th\u00e9\u00e2tralis\u00e9es - Avignon 2024 - Patrick DENIS Photographe\" \/>\n<meta property=\"og:description\" content=\"Festival d\u2019Avignon Off : \u00ab L&#8217;humeur du jaune d\u2019\u0153uf \u00e0 midi \u00bb des po\u00e9sie mises en musique et th\u00e9\u00e2tralis\u00e9es, on est scotch\u00e9 ! On a vu \u00e0 la Scierie le spectacle de Dimon\u00e9 \u00ab\u00a0L&#8217;humeur du jaune d\u2019\u0153uf \u00e0 midi \u00bb Dimon\u00e9 est auteur, compositeur, interpr\u00e8te de chansons. Son premier album est paru en 1998 et [&hellip;]\" \/>\n<meta property=\"og:url\" content=\"https:\/\/www.patrickdenis.info\/WordPress3\/lhumeur-du-jaune-doeuf-a-midi-des-poesie-mises-en-musique-et-theatralisees-avignon-2024\/\" \/>\n<meta property=\"og:site_name\" content=\"Patrick DENIS Photographe\" \/>\n<meta property=\"article:published_time\" content=\"2024-07-21T15:34:58+00:00\" \/>\n<meta property=\"article:modified_time\" content=\"2024-07-22T09:01:12+00:00\" \/>\n<meta property=\"og:image\" content=\"https:\/\/www.patrickdenis.info\/WordPress3\/wp-content\/uploads\/2024\/07\/Dimone-IMG_3297-Photo-Patrick_DENIS.webp\" \/>\n\t<meta property=\"og:image:width\" content=\"1536\" \/>\n\t<meta property=\"og:image:height\" content=\"864\" \/>\n\t<meta property=\"og:image:type\" content=\"image\/webp\" \/>\n<meta name=\"author\" content=\"Patrick DENIS\" \/>\n<meta name=\"twitter:card\" content=\"summary_large_image\" \/>\n<meta name=\"twitter:label1\" content=\"\u00c9crit par\" \/>\n\t<meta name=\"twitter:data1\" content=\"Patrick DENIS\" \/>\n\t<meta name=\"twitter:label2\" content=\"Dur\u00e9e de lecture estim\u00e9e\" \/>\n\t<meta name=\"twitter:data2\" content=\"2 minutes\" \/>\n<script type=\"application\/ld+json\" class=\"yoast-schema-graph\">{\"@context\":\"https:\\\/\\\/schema.org\",\"@graph\":[{\"@type\":\"Article\",\"@id\":\"https:\\\/\\\/www.patrickdenis.info\\\/WordPress3\\\/lhumeur-du-jaune-doeuf-a-midi-des-poesie-mises-en-musique-et-theatralisees-avignon-2024\\\/#article\",\"isPartOf\":{\"@id\":\"https:\\\/\\\/www.patrickdenis.info\\\/WordPress3\\\/lhumeur-du-jaune-doeuf-a-midi-des-poesie-mises-en-musique-et-theatralisees-avignon-2024\\\/\"},\"author\":{\"name\":\"Patrick DENIS\",\"@id\":\"https:\\\/\\\/www.patrickdenis.info\\\/WordPress3\\\/#\\\/schema\\\/person\\\/d43605ef0d5681c1b27a4ba1fede1cf4\"},\"headline\":\"\u00ab\u00a0L&#8217;humeur du jaune d\u2019\u0153uf \u00e0 midi \u00bb des po\u00e9sie mises en musique et th\u00e9\u00e2tralis\u00e9es &#8211; Avignon 2024\",\"datePublished\":\"2024-07-21T15:34:58+00:00\",\"dateModified\":\"2024-07-22T09:01:12+00:00\",\"mainEntityOfPage\":{\"@id\":\"https:\\\/\\\/www.patrickdenis.info\\\/WordPress3\\\/lhumeur-du-jaune-doeuf-a-midi-des-poesie-mises-en-musique-et-theatralisees-avignon-2024\\\/\"},\"wordCount\":322,\"publisher\":{\"@id\":\"https:\\\/\\\/www.patrickdenis.info\\\/WordPress3\\\/#\\\/schema\\\/person\\\/d43605ef0d5681c1b27a4ba1fede1cf4\"},\"image\":{\"@id\":\"https:\\\/\\\/www.patrickdenis.info\\\/WordPress3\\\/lhumeur-du-jaune-doeuf-a-midi-des-poesie-mises-en-musique-et-theatralisees-avignon-2024\\\/#primaryimage\"},\"thumbnailUrl\":\"https:\\\/\\\/www.patrickdenis.info\\\/WordPress3\\\/wp-content\\\/uploads\\\/2024\\\/07\\\/Dimone-IMG_3297-Photo-Patrick_DENIS.webp\",\"articleSection\":[\"Concert\",\"Festival Avignon\",\"Th\u00e9atre\"],\"inLanguage\":\"fr-FR\"},{\"@type\":\"WebPage\",\"@id\":\"https:\\\/\\\/www.patrickdenis.info\\\/WordPress3\\\/lhumeur-du-jaune-doeuf-a-midi-des-poesie-mises-en-musique-et-theatralisees-avignon-2024\\\/\",\"url\":\"https:\\\/\\\/www.patrickdenis.info\\\/WordPress3\\\/lhumeur-du-jaune-doeuf-a-midi-des-poesie-mises-en-musique-et-theatralisees-avignon-2024\\\/\",\"name\":\"\u00ab\u00a0L'humeur du jaune d\u2019\u0153uf \u00e0 midi \u00bb des po\u00e9sie mises en musique et th\u00e9\u00e2tralis\u00e9es - Avignon 2024 - Patrick DENIS Photographe\",\"isPartOf\":{\"@id\":\"https:\\\/\\\/www.patrickdenis.info\\\/WordPress3\\\/#website\"},\"primaryImageOfPage\":{\"@id\":\"https:\\\/\\\/www.patrickdenis.info\\\/WordPress3\\\/lhumeur-du-jaune-doeuf-a-midi-des-poesie-mises-en-musique-et-theatralisees-avignon-2024\\\/#primaryimage\"},\"image\":{\"@id\":\"https:\\\/\\\/www.patrickdenis.info\\\/WordPress3\\\/lhumeur-du-jaune-doeuf-a-midi-des-poesie-mises-en-musique-et-theatralisees-avignon-2024\\\/#primaryimage\"},\"thumbnailUrl\":\"https:\\\/\\\/www.patrickdenis.info\\\/WordPress3\\\/wp-content\\\/uploads\\\/2024\\\/07\\\/Dimone-IMG_3297-Photo-Patrick_DENIS.webp\",\"datePublished\":\"2024-07-21T15:34:58+00:00\",\"dateModified\":\"2024-07-22T09:01:12+00:00\",\"breadcrumb\":{\"@id\":\"https:\\\/\\\/www.patrickdenis.info\\\/WordPress3\\\/lhumeur-du-jaune-doeuf-a-midi-des-poesie-mises-en-musique-et-theatralisees-avignon-2024\\\/#breadcrumb\"},\"inLanguage\":\"fr-FR\",\"potentialAction\":[{\"@type\":\"ReadAction\",\"target\":[\"https:\\\/\\\/www.patrickdenis.info\\\/WordPress3\\\/lhumeur-du-jaune-doeuf-a-midi-des-poesie-mises-en-musique-et-theatralisees-avignon-2024\\\/\"]}]},{\"@type\":\"ImageObject\",\"inLanguage\":\"fr-FR\",\"@id\":\"https:\\\/\\\/www.patrickdenis.info\\\/WordPress3\\\/lhumeur-du-jaune-doeuf-a-midi-des-poesie-mises-en-musique-et-theatralisees-avignon-2024\\\/#primaryimage\",\"url\":\"https:\\\/\\\/www.patrickdenis.info\\\/WordPress3\\\/wp-content\\\/uploads\\\/2024\\\/07\\\/Dimone-IMG_3297-Photo-Patrick_DENIS.webp\",\"contentUrl\":\"https:\\\/\\\/www.patrickdenis.info\\\/WordPress3\\\/wp-content\\\/uploads\\\/2024\\\/07\\\/Dimone-IMG_3297-Photo-Patrick_DENIS.webp\",\"width\":1536,\"height\":864},{\"@type\":\"BreadcrumbList\",\"@id\":\"https:\\\/\\\/www.patrickdenis.info\\\/WordPress3\\\/lhumeur-du-jaune-doeuf-a-midi-des-poesie-mises-en-musique-et-theatralisees-avignon-2024\\\/#breadcrumb\",\"itemListElement\":[{\"@type\":\"ListItem\",\"position\":1,\"name\":\"Accueil\",\"item\":\"https:\\\/\\\/www.patrickdenis.info\\\/WordPress3\\\/\"},{\"@type\":\"ListItem\",\"position\":2,\"name\":\"\u00ab\u00a0L&#8217;humeur du jaune d\u2019\u0153uf \u00e0 midi \u00bb des po\u00e9sie mises en musique et th\u00e9\u00e2tralis\u00e9es &#8211; Avignon 2024\"}]},{\"@type\":\"WebSite\",\"@id\":\"https:\\\/\\\/www.patrickdenis.info\\\/WordPress3\\\/#website\",\"url\":\"https:\\\/\\\/www.patrickdenis.info\\\/WordPress3\\\/\",\"name\":\"Patrick DENIS Photographe\",\"description\":\"Arts vivants, Cirque, Concert, Danse, Spectacle\",\"publisher\":{\"@id\":\"https:\\\/\\\/www.patrickdenis.info\\\/WordPress3\\\/#\\\/schema\\\/person\\\/d43605ef0d5681c1b27a4ba1fede1cf4\"},\"potentialAction\":[{\"@type\":\"SearchAction\",\"target\":{\"@type\":\"EntryPoint\",\"urlTemplate\":\"https:\\\/\\\/www.patrickdenis.info\\\/WordPress3\\\/?s={search_term_string}\"},\"query-input\":{\"@type\":\"PropertyValueSpecification\",\"valueRequired\":true,\"valueName\":\"search_term_string\"}}],\"inLanguage\":\"fr-FR\"},{\"@type\":[\"Person\",\"Organization\"],\"@id\":\"https:\\\/\\\/www.patrickdenis.info\\\/WordPress3\\\/#\\\/schema\\\/person\\\/d43605ef0d5681c1b27a4ba1fede1cf4\",\"name\":\"Patrick DENIS\",\"image\":{\"@type\":\"ImageObject\",\"inLanguage\":\"fr-FR\",\"@id\":\"https:\\\/\\\/www.patrickdenis.info\\\/WordPress3\\\/wp-content\\\/uploads\\\/2023\\\/01\\\/cropped-logo_dp_texte-blanc-5.jpg\",\"url\":\"https:\\\/\\\/www.patrickdenis.info\\\/WordPress3\\\/wp-content\\\/uploads\\\/2023\\\/01\\\/cropped-logo_dp_texte-blanc-5.jpg\",\"contentUrl\":\"https:\\\/\\\/www.patrickdenis.info\\\/WordPress3\\\/wp-content\\\/uploads\\\/2023\\\/01\\\/cropped-logo_dp_texte-blanc-5.jpg\",\"width\":512,\"height\":512,\"caption\":\"Patrick DENIS\"},\"logo\":{\"@id\":\"https:\\\/\\\/www.patrickdenis.info\\\/WordPress3\\\/wp-content\\\/uploads\\\/2023\\\/01\\\/cropped-logo_dp_texte-blanc-5.jpg\"}}]}<\/script>\n<!-- \/ Yoast SEO plugin. -->","yoast_head_json":{"title":"\u00ab\u00a0L'humeur du jaune d\u2019\u0153uf \u00e0 midi \u00bb des po\u00e9sie mises en musique et th\u00e9\u00e2tralis\u00e9es - Avignon 2024 - Patrick DENIS Photographe","robots":{"index":"index","follow":"follow","max-snippet":"max-snippet:-1","max-image-preview":"max-image-preview:large","max-video-preview":"max-video-preview:-1"},"canonical":"https:\/\/www.patrickdenis.info\/WordPress3\/lhumeur-du-jaune-doeuf-a-midi-des-poesie-mises-en-musique-et-theatralisees-avignon-2024\/","og_locale":"fr_FR","og_type":"article","og_title":"\u00ab\u00a0L'humeur du jaune d\u2019\u0153uf \u00e0 midi \u00bb des po\u00e9sie mises en musique et th\u00e9\u00e2tralis\u00e9es - Avignon 2024 - Patrick DENIS Photographe","og_description":"Festival d\u2019Avignon Off : \u00ab L&#8217;humeur du jaune d\u2019\u0153uf \u00e0 midi \u00bb des po\u00e9sie mises en musique et th\u00e9\u00e2tralis\u00e9es, on est scotch\u00e9 ! On a vu \u00e0 la Scierie le spectacle de Dimon\u00e9 \u00ab\u00a0L&#8217;humeur du jaune d\u2019\u0153uf \u00e0 midi \u00bb Dimon\u00e9 est auteur, compositeur, interpr\u00e8te de chansons. Son premier album est paru en 1998 et [&hellip;]","og_url":"https:\/\/www.patrickdenis.info\/WordPress3\/lhumeur-du-jaune-doeuf-a-midi-des-poesie-mises-en-musique-et-theatralisees-avignon-2024\/","og_site_name":"Patrick DENIS Photographe","article_published_time":"2024-07-21T15:34:58+00:00","article_modified_time":"2024-07-22T09:01:12+00:00","og_image":[{"width":1536,"height":864,"url":"https:\/\/www.patrickdenis.info\/WordPress3\/wp-content\/uploads\/2024\/07\/Dimone-IMG_3297-Photo-Patrick_DENIS.webp","type":"image\/webp"}],"author":"Patrick DENIS","twitter_card":"summary_large_image","twitter_misc":{"\u00c9crit par":"Patrick DENIS","Dur\u00e9e de lecture estim\u00e9e":"2 minutes"},"schema":{"@context":"https:\/\/schema.org","@graph":[{"@type":"Article","@id":"https:\/\/www.patrickdenis.info\/WordPress3\/lhumeur-du-jaune-doeuf-a-midi-des-poesie-mises-en-musique-et-theatralisees-avignon-2024\/#article","isPartOf":{"@id":"https:\/\/www.patrickdenis.info\/WordPress3\/lhumeur-du-jaune-doeuf-a-midi-des-poesie-mises-en-musique-et-theatralisees-avignon-2024\/"},"author":{"name":"Patrick DENIS","@id":"https:\/\/www.patrickdenis.info\/WordPress3\/#\/schema\/person\/d43605ef0d5681c1b27a4ba1fede1cf4"},"headline":"\u00ab\u00a0L&#8217;humeur du jaune d\u2019\u0153uf \u00e0 midi \u00bb des po\u00e9sie mises en musique et th\u00e9\u00e2tralis\u00e9es &#8211; Avignon 2024","datePublished":"2024-07-21T15:34:58+00:00","dateModified":"2024-07-22T09:01:12+00:00","mainEntityOfPage":{"@id":"https:\/\/www.patrickdenis.info\/WordPress3\/lhumeur-du-jaune-doeuf-a-midi-des-poesie-mises-en-musique-et-theatralisees-avignon-2024\/"},"wordCount":322,"publisher":{"@id":"https:\/\/www.patrickdenis.info\/WordPress3\/#\/schema\/person\/d43605ef0d5681c1b27a4ba1fede1cf4"},"image":{"@id":"https:\/\/www.patrickdenis.info\/WordPress3\/lhumeur-du-jaune-doeuf-a-midi-des-poesie-mises-en-musique-et-theatralisees-avignon-2024\/#primaryimage"},"thumbnailUrl":"https:\/\/www.patrickdenis.info\/WordPress3\/wp-content\/uploads\/2024\/07\/Dimone-IMG_3297-Photo-Patrick_DENIS.webp","articleSection":["Concert","Festival Avignon","Th\u00e9atre"],"inLanguage":"fr-FR"},{"@type":"WebPage","@id":"https:\/\/www.patrickdenis.info\/WordPress3\/lhumeur-du-jaune-doeuf-a-midi-des-poesie-mises-en-musique-et-theatralisees-avignon-2024\/","url":"https:\/\/www.patrickdenis.info\/WordPress3\/lhumeur-du-jaune-doeuf-a-midi-des-poesie-mises-en-musique-et-theatralisees-avignon-2024\/","name":"\u00ab\u00a0L'humeur du jaune d\u2019\u0153uf \u00e0 midi \u00bb des po\u00e9sie mises en musique et th\u00e9\u00e2tralis\u00e9es - Avignon 2024 - Patrick DENIS Photographe","isPartOf":{"@id":"https:\/\/www.patrickdenis.info\/WordPress3\/#website"},"primaryImageOfPage":{"@id":"https:\/\/www.patrickdenis.info\/WordPress3\/lhumeur-du-jaune-doeuf-a-midi-des-poesie-mises-en-musique-et-theatralisees-avignon-2024\/#primaryimage"},"image":{"@id":"https:\/\/www.patrickdenis.info\/WordPress3\/lhumeur-du-jaune-doeuf-a-midi-des-poesie-mises-en-musique-et-theatralisees-avignon-2024\/#primaryimage"},"thumbnailUrl":"https:\/\/www.patrickdenis.info\/WordPress3\/wp-content\/uploads\/2024\/07\/Dimone-IMG_3297-Photo-Patrick_DENIS.webp","datePublished":"2024-07-21T15:34:58+00:00","dateModified":"2024-07-22T09:01:12+00:00","breadcrumb":{"@id":"https:\/\/www.patrickdenis.info\/WordPress3\/lhumeur-du-jaune-doeuf-a-midi-des-poesie-mises-en-musique-et-theatralisees-avignon-2024\/#breadcrumb"},"inLanguage":"fr-FR","potentialAction":[{"@type":"ReadAction","target":["https:\/\/www.patrickdenis.info\/WordPress3\/lhumeur-du-jaune-doeuf-a-midi-des-poesie-mises-en-musique-et-theatralisees-avignon-2024\/"]}]},{"@type":"ImageObject","inLanguage":"fr-FR","@id":"https:\/\/www.patrickdenis.info\/WordPress3\/lhumeur-du-jaune-doeuf-a-midi-des-poesie-mises-en-musique-et-theatralisees-avignon-2024\/#primaryimage","url":"https:\/\/www.patrickdenis.info\/WordPress3\/wp-content\/uploads\/2024\/07\/Dimone-IMG_3297-Photo-Patrick_DENIS.webp","contentUrl":"https:\/\/www.patrickdenis.info\/WordPress3\/wp-content\/uploads\/2024\/07\/Dimone-IMG_3297-Photo-Patrick_DENIS.webp","width":1536,"height":864},{"@type":"BreadcrumbList","@id":"https:\/\/www.patrickdenis.info\/WordPress3\/lhumeur-du-jaune-doeuf-a-midi-des-poesie-mises-en-musique-et-theatralisees-avignon-2024\/#breadcrumb","itemListElement":[{"@type":"ListItem","position":1,"name":"Accueil","item":"https:\/\/www.patrickdenis.info\/WordPress3\/"},{"@type":"ListItem","position":2,"name":"\u00ab\u00a0L&#8217;humeur du jaune d\u2019\u0153uf \u00e0 midi \u00bb des po\u00e9sie mises en musique et th\u00e9\u00e2tralis\u00e9es &#8211; Avignon 2024"}]},{"@type":"WebSite","@id":"https:\/\/www.patrickdenis.info\/WordPress3\/#website","url":"https:\/\/www.patrickdenis.info\/WordPress3\/","name":"Patrick DENIS Photographe","description":"Arts vivants, Cirque, Concert, Danse, Spectacle","publisher":{"@id":"https:\/\/www.patrickdenis.info\/WordPress3\/#\/schema\/person\/d43605ef0d5681c1b27a4ba1fede1cf4"},"potentialAction":[{"@type":"SearchAction","target":{"@type":"EntryPoint","urlTemplate":"https:\/\/www.patrickdenis.info\/WordPress3\/?s={search_term_string}"},"query-input":{"@type":"PropertyValueSpecification","valueRequired":true,"valueName":"search_term_string"}}],"inLanguage":"fr-FR"},{"@type":["Person","Organization"],"@id":"https:\/\/www.patrickdenis.info\/WordPress3\/#\/schema\/person\/d43605ef0d5681c1b27a4ba1fede1cf4","name":"Patrick DENIS","image":{"@type":"ImageObject","inLanguage":"fr-FR","@id":"https:\/\/www.patrickdenis.info\/WordPress3\/wp-content\/uploads\/2023\/01\/cropped-logo_dp_texte-blanc-5.jpg","url":"https:\/\/www.patrickdenis.info\/WordPress3\/wp-content\/uploads\/2023\/01\/cropped-logo_dp_texte-blanc-5.jpg","contentUrl":"https:\/\/www.patrickdenis.info\/WordPress3\/wp-content\/uploads\/2023\/01\/cropped-logo_dp_texte-blanc-5.jpg","width":512,"height":512,"caption":"Patrick DENIS"},"logo":{"@id":"https:\/\/www.patrickdenis.info\/WordPress3\/wp-content\/uploads\/2023\/01\/cropped-logo_dp_texte-blanc-5.jpg"}}]}},"_links":{"self":[{"href":"https:\/\/www.patrickdenis.info\/WordPress3\/wp-json\/wp\/v2\/posts\/7224","targetHints":{"allow":["GET"]}}],"collection":[{"href":"https:\/\/www.patrickdenis.info\/WordPress3\/wp-json\/wp\/v2\/posts"}],"about":[{"href":"https:\/\/www.patrickdenis.info\/WordPress3\/wp-json\/wp\/v2\/types\/post"}],"author":[{"embeddable":true,"href":"https:\/\/www.patrickdenis.info\/WordPress3\/wp-json\/wp\/v2\/users\/1"}],"replies":[{"embeddable":true,"href":"https:\/\/www.patrickdenis.info\/WordPress3\/wp-json\/wp\/v2\/comments?post=7224"}],"version-history":[{"count":7,"href":"https:\/\/www.patrickdenis.info\/WordPress3\/wp-json\/wp\/v2\/posts\/7224\/revisions"}],"predecessor-version":[{"id":7241,"href":"https:\/\/www.patrickdenis.info\/WordPress3\/wp-json\/wp\/v2\/posts\/7224\/revisions\/7241"}],"wp:featuredmedia":[{"embeddable":true,"href":"https:\/\/www.patrickdenis.info\/WordPress3\/wp-json\/wp\/v2\/media\/7226"}],"wp:attachment":[{"href":"https:\/\/www.patrickdenis.info\/WordPress3\/wp-json\/wp\/v2\/media?parent=7224"}],"wp:term":[{"taxonomy":"category","embeddable":true,"href":"https:\/\/www.patrickdenis.info\/WordPress3\/wp-json\/wp\/v2\/categories?post=7224"},{"taxonomy":"post_tag","embeddable":true,"href":"https:\/\/www.patrickdenis.info\/WordPress3\/wp-json\/wp\/v2\/tags?post=7224"}],"curies":[{"name":"wp","href":"https:\/\/api.w.org\/{rel}","templated":true}]}}