{"id":7194,"date":"2024-07-21T17:18:03","date_gmt":"2024-07-21T15:18:03","guid":{"rendered":"https:\/\/www.patrickdenis.info\/WordPress3\/?p=7194"},"modified":"2024-08-10T14:56:26","modified_gmt":"2024-08-10T12:56:26","slug":"connection-un-magnifique-duo-de-dance-avignon-2024","status":"publish","type":"post","link":"https:\/\/www.patrickdenis.info\/WordPress3\/connection-un-magnifique-duo-de-dance-avignon-2024\/","title":{"rendered":"&#8220;Connection&#8221;, un magnifique duo de dance\u00a0&#8211; Avignon 2024"},"content":{"rendered":"\t\t<div data-elementor-type=\"wp-post\" data-elementor-id=\"7194\" class=\"elementor elementor-7194\" data-elementor-post-type=\"post\">\n\t\t\t\t\t\t<section class=\"elementor-section elementor-top-section elementor-element elementor-element-3f7bc7e elementor-section-boxed elementor-section-height-default elementor-section-height-default\" data-id=\"3f7bc7e\" data-element_type=\"section\" data-e-type=\"section\">\n\t\t\t\t\t\t<div class=\"elementor-container elementor-column-gap-default\">\n\t\t\t\t\t<div class=\"elementor-column elementor-col-100 elementor-top-column elementor-element elementor-element-d97ed27\" data-id=\"d97ed27\" data-element_type=\"column\" data-e-type=\"column\">\n\t\t\t<div class=\"elementor-widget-wrap elementor-element-populated\">\n\t\t\t\t\t\t<div class=\"elementor-element elementor-element-86c99b3 elementor-widget elementor-widget-heading\" data-id=\"86c99b3\" data-element_type=\"widget\" data-e-type=\"widget\" data-widget_type=\"heading.default\">\n\t\t\t\t<div class=\"elementor-widget-container\">\n\t\t\t\t\t<h2 class=\"elementor-heading-title elementor-size-default\">Festival d\u2019Avignon Off : \"Connection\", un magnifique duo de dance !<\/h2>\t\t\t\t<\/div>\n\t\t\t\t<\/div>\n\t\t\t\t\t<\/div>\n\t\t<\/div>\n\t\t\t\t\t<\/div>\n\t\t<\/section>\n\t\t\t\t<section class=\"elementor-section elementor-top-section elementor-element elementor-element-6d8ae42 elementor-section-boxed elementor-section-height-default elementor-section-height-default\" data-id=\"6d8ae42\" data-element_type=\"section\" data-e-type=\"section\">\n\t\t\t\t\t\t<div class=\"elementor-container elementor-column-gap-default\">\n\t\t\t\t\t<div class=\"elementor-column elementor-col-100 elementor-top-column elementor-element elementor-element-48ef716\" data-id=\"48ef716\" data-element_type=\"column\" data-e-type=\"column\">\n\t\t\t<div class=\"elementor-widget-wrap elementor-element-populated\">\n\t\t\t\t\t\t<div class=\"elementor-element elementor-element-d109067 elementor-widget elementor-widget-image\" data-id=\"d109067\" data-element_type=\"widget\" data-e-type=\"widget\" data-widget_type=\"image.default\">\n\t\t\t\t<div class=\"elementor-widget-container\">\n\t\t\t\t\t\t\t\t\t\t\t\t\t\t\t<img fetchpriority=\"high\" decoding=\"async\" width=\"1536\" height=\"864\" src=\"https:\/\/www.patrickdenis.info\/WordPress3\/wp-content\/uploads\/2024\/07\/Connection-IMG_3851-Photo-Patrick_DENIS.webp\" class=\"attachment-full size-full wp-image-7196\" alt=\"\" srcset=\"https:\/\/www.patrickdenis.info\/WordPress3\/wp-content\/uploads\/2024\/07\/Connection-IMG_3851-Photo-Patrick_DENIS.webp 1536w, https:\/\/www.patrickdenis.info\/WordPress3\/wp-content\/uploads\/2024\/07\/Connection-IMG_3851-Photo-Patrick_DENIS-300x169.webp 300w, https:\/\/www.patrickdenis.info\/WordPress3\/wp-content\/uploads\/2024\/07\/Connection-IMG_3851-Photo-Patrick_DENIS-1024x576.webp 1024w, https:\/\/www.patrickdenis.info\/WordPress3\/wp-content\/uploads\/2024\/07\/Connection-IMG_3851-Photo-Patrick_DENIS-768x432.webp 768w\" sizes=\"(max-width: 1536px) 100vw, 1536px\" \/>\t\t\t\t\t\t\t\t\t\t\t\t\t\t\t<\/div>\n\t\t\t\t<\/div>\n\t\t\t\t\t<\/div>\n\t\t<\/div>\n\t\t\t\t\t<\/div>\n\t\t<\/section>\n\t\t\t\t<section class=\"elementor-section elementor-top-section elementor-element elementor-element-9e7d5a1 elementor-section-boxed elementor-section-height-default elementor-section-height-default\" data-id=\"9e7d5a1\" data-element_type=\"section\" data-e-type=\"section\">\n\t\t\t\t\t\t<div class=\"elementor-container elementor-column-gap-default\">\n\t\t\t\t\t<div class=\"elementor-column elementor-col-100 elementor-top-column elementor-element elementor-element-9cd9751\" data-id=\"9cd9751\" data-element_type=\"column\" data-e-type=\"column\">\n\t\t\t<div class=\"elementor-widget-wrap elementor-element-populated\">\n\t\t\t\t\t\t<div class=\"elementor-element elementor-element-e18722d elementor-widget elementor-widget-text-editor\" data-id=\"e18722d\" data-element_type=\"widget\" data-e-type=\"widget\" data-widget_type=\"text-editor.default\">\n\t\t\t\t<div class=\"elementor-widget-container\">\n\t\t\t\t\t\t\t\t\t<p><strong>On a vu au th\u00e9\u00e2tre Golovine \u00ab\u00a0Connection\u00bb de la compagnie vauclusienne Evolu&#8217;mento, visible jusqu\u2019au 21 juillet<\/strong><\/p><p>Marie Soulabaille et Luca Ricci sont les danseurs et chor\u00e9graphes de la compagnie Evolu&#8217;mento et ils sont aussi en couple dans la vie. Ils ont con\u00e7u ce spectacle \u00e0 la suite d\u2019une p\u00e9riode de remise en question et surtout d\u2019introspection int\u00e9rieure li\u00e9e \u00e0 la pand\u00e9mie de Covid.<\/p><p>C\u2019est en longue veste noire que les deux danseurs vont d\u00e9marrer le spectacle, ils vont explorer les bords du plateau, symbole des \u00ab\u00a0<em>limites qui peuvent nous \u00eatre assign\u00e9es par la soci\u00e9t\u00e9 mais \u00e9galement par nous-m\u00eames\u00a0\u00bb.<\/em> L\u2019ambiance est plut\u00f4t sombre mais l\u2019on distingue une lueur cach\u00e9e sous un voile, elle symbolise la lumi\u00e8re int\u00e9rieure que Marie et Luca vont tenter d\u00e9couvrir tout au long du spectacle.<\/p><p>La chor\u00e9graphie est tr\u00e8s belle et tr\u00e8s physique avec des mouvements synchronis\u00e9s, des port\u00e9es, des sauts\u2026 Ils vont finalement parvenir \u00e0 d\u00e9couvrir, \u00e0 capturer et \u00e0 int\u00e9grer cette lumi\u00e8re dans un dernier passage rempli de tendresse et d\u2019\u00e9motions.<\/p><p>Bravo pour ce magnifique duo de dance\u00a0!<\/p><p><strong>&#8221; Connection &#8221; th\u00e9\u00e2tre Golovine<\/strong><br \/>1 Bis Rue Sainte-Catherine \u2013 Avignon<br \/>Du 3 au 21 juillet \u00e0 18h <br \/>Tarifs\u00a0: 8\/11\/16 \u20ac<br \/>R\u00e9servations\u00a0: 04 90 86 01 27<\/p><p><a href=\"https:\/\/www.festivaloffavignon.com\/spectacles\/3533-connection\">www.festivaloffavignon.com\/spectacles\/3533-connection<\/a><br \/><a href=\"https:\/\/www.laprovence.com\/article\/festival-davignon\/2613299497650814\/festival-d-avignon-off-connection-un-magnifique-duo-de-dance\" target=\"_blank\" rel=\"noopener\">www.laprovence.com\/article\/festival-davignon<\/a><\/p><p><strong>Photo\u00a0: Patrick Denis<\/strong><\/p>\t\t\t\t\t\t\t\t<\/div>\n\t\t\t\t<\/div>\n\t\t\t\t\t<\/div>\n\t\t<\/div>\n\t\t\t\t\t<\/div>\n\t\t<\/section>\n\t\t\t\t<section class=\"elementor-section elementor-top-section elementor-element elementor-element-a9656ab elementor-section-boxed elementor-section-height-default elementor-section-height-default\" data-id=\"a9656ab\" data-element_type=\"section\" data-e-type=\"section\">\n\t\t\t\t\t\t<div class=\"elementor-container elementor-column-gap-default\">\n\t\t\t\t\t<div class=\"elementor-column elementor-col-100 elementor-top-column elementor-element elementor-element-5a82254\" data-id=\"5a82254\" data-element_type=\"column\" data-e-type=\"column\">\n\t\t\t<div class=\"elementor-widget-wrap elementor-element-populated\">\n\t\t\t\t\t\t<div class=\"elementor-element elementor-element-c34cecd elementor-button-info elementor-align-center elementor-widget elementor-widget-button\" data-id=\"c34cecd\" data-element_type=\"widget\" data-e-type=\"widget\" data-widget_type=\"button.default\">\n\t\t\t\t<div class=\"elementor-widget-container\">\n\t\t\t\t\t\t\t\t\t<div class=\"elementor-button-wrapper\">\n\t\t\t\t\t<a class=\"elementor-button elementor-button-link elementor-size-sm\" href=\"https:\/\/www.patrickdenis.info\/photos\/index.php?\/category\/cie-evolu-mento-connection-theatre-golovine-avignon-17072024\">\n\t\t\t\t\t\t<span class=\"elementor-button-content-wrapper\">\n\t\t\t\t\t\t<span class=\"elementor-button-icon\">\n\t\t\t\t<i aria-hidden=\"true\" class=\"far fa-share-square\"><\/i>\t\t\t<\/span>\n\t\t\t\t\t\t\t\t\t<span class=\"elementor-button-text\">Voir toutes les photos<\/span>\n\t\t\t\t\t<\/span>\n\t\t\t\t\t<\/a>\n\t\t\t\t<\/div>\n\t\t\t\t\t\t\t\t<\/div>\n\t\t\t\t<\/div>\n\t\t\t\t\t<\/div>\n\t\t<\/div>\n\t\t\t\t\t<\/div>\n\t\t<\/section>\n\t\t\t\t<\/div>\n\t\t","protected":false},"excerpt":{"rendered":"<p>Festival d\u2019Avignon Off : &#8220;Connection&#8221;, un magnifique duo de dance ! On a vu au th\u00e9\u00e2tre Golovine \u00ab\u00a0Connection\u00bb de la compagnie vauclusienne Evolu&#8217;mento, visible jusqu\u2019au 21 juillet Marie Soulabaille et Luca Ricci sont les danseurs et chor\u00e9graphes de la compagnie Evolu&#8217;mento et ils sont aussi en couple dans la vie. Ils ont con\u00e7u ce spectacle [&hellip;]<\/p>\n","protected":false},"author":1,"featured_media":7196,"comment_status":"closed","ping_status":"open","sticky":false,"template":"","format":"standard","meta":{"footnotes":""},"categories":[30,56],"tags":[],"class_list":["post-7194","post","type-post","status-publish","format-standard","has-post-thumbnail","hentry","category-danse","category-festivalavignon"],"yoast_head":"<!-- This site is optimized with the Yoast SEO plugin v27.4 - https:\/\/yoast.com\/product\/yoast-seo-wordpress\/ -->\n<title>&quot;Connection&quot;, un magnifique duo de dance\u00a0- Avignon 2024 - Patrick DENIS Photographe<\/title>\n<meta name=\"robots\" content=\"index, follow, max-snippet:-1, max-image-preview:large, max-video-preview:-1\" \/>\n<link rel=\"canonical\" href=\"https:\/\/www.patrickdenis.info\/WordPress3\/connection-un-magnifique-duo-de-dance-avignon-2024\/\" \/>\n<meta property=\"og:locale\" content=\"fr_FR\" \/>\n<meta property=\"og:type\" content=\"article\" \/>\n<meta property=\"og:title\" content=\"&quot;Connection&quot;, un magnifique duo de dance\u00a0- Avignon 2024 - Patrick DENIS Photographe\" \/>\n<meta property=\"og:description\" content=\"Festival d\u2019Avignon Off : &#8220;Connection&#8221;, un magnifique duo de dance ! On a vu au th\u00e9\u00e2tre Golovine \u00ab\u00a0Connection\u00bb de la compagnie vauclusienne Evolu&#8217;mento, visible jusqu\u2019au 21 juillet Marie Soulabaille et Luca Ricci sont les danseurs et chor\u00e9graphes de la compagnie Evolu&#8217;mento et ils sont aussi en couple dans la vie. Ils ont con\u00e7u ce spectacle [&hellip;]\" \/>\n<meta property=\"og:url\" content=\"https:\/\/www.patrickdenis.info\/WordPress3\/connection-un-magnifique-duo-de-dance-avignon-2024\/\" \/>\n<meta property=\"og:site_name\" content=\"Patrick DENIS Photographe\" \/>\n<meta property=\"article:published_time\" content=\"2024-07-21T15:18:03+00:00\" \/>\n<meta property=\"article:modified_time\" content=\"2024-08-10T12:56:26+00:00\" \/>\n<meta property=\"og:image\" content=\"https:\/\/www.patrickdenis.info\/WordPress3\/wp-content\/uploads\/2024\/07\/Connection-IMG_3851-Photo-Patrick_DENIS.webp\" \/>\n\t<meta property=\"og:image:width\" content=\"1536\" \/>\n\t<meta property=\"og:image:height\" content=\"864\" \/>\n\t<meta property=\"og:image:type\" content=\"image\/webp\" \/>\n<meta name=\"author\" content=\"Patrick DENIS\" \/>\n<meta name=\"twitter:card\" content=\"summary_large_image\" \/>\n<meta name=\"twitter:label1\" content=\"\u00c9crit par\" \/>\n\t<meta name=\"twitter:data1\" content=\"Patrick DENIS\" \/>\n\t<meta name=\"twitter:label2\" content=\"Dur\u00e9e de lecture estim\u00e9e\" \/>\n\t<meta name=\"twitter:data2\" content=\"2 minutes\" \/>\n<script type=\"application\/ld+json\" class=\"yoast-schema-graph\">{\"@context\":\"https:\\\/\\\/schema.org\",\"@graph\":[{\"@type\":\"Article\",\"@id\":\"https:\\\/\\\/www.patrickdenis.info\\\/WordPress3\\\/connection-un-magnifique-duo-de-dance-avignon-2024\\\/#article\",\"isPartOf\":{\"@id\":\"https:\\\/\\\/www.patrickdenis.info\\\/WordPress3\\\/connection-un-magnifique-duo-de-dance-avignon-2024\\\/\"},\"author\":{\"name\":\"Patrick DENIS\",\"@id\":\"https:\\\/\\\/www.patrickdenis.info\\\/WordPress3\\\/#\\\/schema\\\/person\\\/d43605ef0d5681c1b27a4ba1fede1cf4\"},\"headline\":\"&#8220;Connection&#8221;, un magnifique duo de dance\u00a0&#8211; Avignon 2024\",\"datePublished\":\"2024-07-21T15:18:03+00:00\",\"dateModified\":\"2024-08-10T12:56:26+00:00\",\"mainEntityOfPage\":{\"@id\":\"https:\\\/\\\/www.patrickdenis.info\\\/WordPress3\\\/connection-un-magnifique-duo-de-dance-avignon-2024\\\/\"},\"wordCount\":249,\"publisher\":{\"@id\":\"https:\\\/\\\/www.patrickdenis.info\\\/WordPress3\\\/#\\\/schema\\\/person\\\/d43605ef0d5681c1b27a4ba1fede1cf4\"},\"image\":{\"@id\":\"https:\\\/\\\/www.patrickdenis.info\\\/WordPress3\\\/connection-un-magnifique-duo-de-dance-avignon-2024\\\/#primaryimage\"},\"thumbnailUrl\":\"https:\\\/\\\/www.patrickdenis.info\\\/WordPress3\\\/wp-content\\\/uploads\\\/2024\\\/07\\\/Connection-IMG_3851-Photo-Patrick_DENIS.webp\",\"articleSection\":[\"Danse\",\"Festival Avignon\"],\"inLanguage\":\"fr-FR\"},{\"@type\":\"WebPage\",\"@id\":\"https:\\\/\\\/www.patrickdenis.info\\\/WordPress3\\\/connection-un-magnifique-duo-de-dance-avignon-2024\\\/\",\"url\":\"https:\\\/\\\/www.patrickdenis.info\\\/WordPress3\\\/connection-un-magnifique-duo-de-dance-avignon-2024\\\/\",\"name\":\"\\\"Connection\\\", un magnifique duo de dance\u00a0- Avignon 2024 - Patrick DENIS Photographe\",\"isPartOf\":{\"@id\":\"https:\\\/\\\/www.patrickdenis.info\\\/WordPress3\\\/#website\"},\"primaryImageOfPage\":{\"@id\":\"https:\\\/\\\/www.patrickdenis.info\\\/WordPress3\\\/connection-un-magnifique-duo-de-dance-avignon-2024\\\/#primaryimage\"},\"image\":{\"@id\":\"https:\\\/\\\/www.patrickdenis.info\\\/WordPress3\\\/connection-un-magnifique-duo-de-dance-avignon-2024\\\/#primaryimage\"},\"thumbnailUrl\":\"https:\\\/\\\/www.patrickdenis.info\\\/WordPress3\\\/wp-content\\\/uploads\\\/2024\\\/07\\\/Connection-IMG_3851-Photo-Patrick_DENIS.webp\",\"datePublished\":\"2024-07-21T15:18:03+00:00\",\"dateModified\":\"2024-08-10T12:56:26+00:00\",\"breadcrumb\":{\"@id\":\"https:\\\/\\\/www.patrickdenis.info\\\/WordPress3\\\/connection-un-magnifique-duo-de-dance-avignon-2024\\\/#breadcrumb\"},\"inLanguage\":\"fr-FR\",\"potentialAction\":[{\"@type\":\"ReadAction\",\"target\":[\"https:\\\/\\\/www.patrickdenis.info\\\/WordPress3\\\/connection-un-magnifique-duo-de-dance-avignon-2024\\\/\"]}]},{\"@type\":\"ImageObject\",\"inLanguage\":\"fr-FR\",\"@id\":\"https:\\\/\\\/www.patrickdenis.info\\\/WordPress3\\\/connection-un-magnifique-duo-de-dance-avignon-2024\\\/#primaryimage\",\"url\":\"https:\\\/\\\/www.patrickdenis.info\\\/WordPress3\\\/wp-content\\\/uploads\\\/2024\\\/07\\\/Connection-IMG_3851-Photo-Patrick_DENIS.webp\",\"contentUrl\":\"https:\\\/\\\/www.patrickdenis.info\\\/WordPress3\\\/wp-content\\\/uploads\\\/2024\\\/07\\\/Connection-IMG_3851-Photo-Patrick_DENIS.webp\",\"width\":1536,\"height\":864},{\"@type\":\"BreadcrumbList\",\"@id\":\"https:\\\/\\\/www.patrickdenis.info\\\/WordPress3\\\/connection-un-magnifique-duo-de-dance-avignon-2024\\\/#breadcrumb\",\"itemListElement\":[{\"@type\":\"ListItem\",\"position\":1,\"name\":\"Accueil\",\"item\":\"https:\\\/\\\/www.patrickdenis.info\\\/WordPress3\\\/\"},{\"@type\":\"ListItem\",\"position\":2,\"name\":\"&#8220;Connection&#8221;, un magnifique duo de dance\u00a0&#8211; Avignon 2024\"}]},{\"@type\":\"WebSite\",\"@id\":\"https:\\\/\\\/www.patrickdenis.info\\\/WordPress3\\\/#website\",\"url\":\"https:\\\/\\\/www.patrickdenis.info\\\/WordPress3\\\/\",\"name\":\"Patrick DENIS Photographe\",\"description\":\"Arts vivants, Cirque, Concert, Danse, Spectacle\",\"publisher\":{\"@id\":\"https:\\\/\\\/www.patrickdenis.info\\\/WordPress3\\\/#\\\/schema\\\/person\\\/d43605ef0d5681c1b27a4ba1fede1cf4\"},\"potentialAction\":[{\"@type\":\"SearchAction\",\"target\":{\"@type\":\"EntryPoint\",\"urlTemplate\":\"https:\\\/\\\/www.patrickdenis.info\\\/WordPress3\\\/?s={search_term_string}\"},\"query-input\":{\"@type\":\"PropertyValueSpecification\",\"valueRequired\":true,\"valueName\":\"search_term_string\"}}],\"inLanguage\":\"fr-FR\"},{\"@type\":[\"Person\",\"Organization\"],\"@id\":\"https:\\\/\\\/www.patrickdenis.info\\\/WordPress3\\\/#\\\/schema\\\/person\\\/d43605ef0d5681c1b27a4ba1fede1cf4\",\"name\":\"Patrick DENIS\",\"image\":{\"@type\":\"ImageObject\",\"inLanguage\":\"fr-FR\",\"@id\":\"https:\\\/\\\/www.patrickdenis.info\\\/WordPress3\\\/wp-content\\\/uploads\\\/2023\\\/01\\\/cropped-logo_dp_texte-blanc-5.jpg\",\"url\":\"https:\\\/\\\/www.patrickdenis.info\\\/WordPress3\\\/wp-content\\\/uploads\\\/2023\\\/01\\\/cropped-logo_dp_texte-blanc-5.jpg\",\"contentUrl\":\"https:\\\/\\\/www.patrickdenis.info\\\/WordPress3\\\/wp-content\\\/uploads\\\/2023\\\/01\\\/cropped-logo_dp_texte-blanc-5.jpg\",\"width\":512,\"height\":512,\"caption\":\"Patrick DENIS\"},\"logo\":{\"@id\":\"https:\\\/\\\/www.patrickdenis.info\\\/WordPress3\\\/wp-content\\\/uploads\\\/2023\\\/01\\\/cropped-logo_dp_texte-blanc-5.jpg\"}}]}<\/script>\n<!-- \/ Yoast SEO plugin. -->","yoast_head_json":{"title":"\"Connection\", un magnifique duo de dance\u00a0- Avignon 2024 - Patrick DENIS Photographe","robots":{"index":"index","follow":"follow","max-snippet":"max-snippet:-1","max-image-preview":"max-image-preview:large","max-video-preview":"max-video-preview:-1"},"canonical":"https:\/\/www.patrickdenis.info\/WordPress3\/connection-un-magnifique-duo-de-dance-avignon-2024\/","og_locale":"fr_FR","og_type":"article","og_title":"\"Connection\", un magnifique duo de dance\u00a0- Avignon 2024 - Patrick DENIS Photographe","og_description":"Festival d\u2019Avignon Off : &#8220;Connection&#8221;, un magnifique duo de dance ! On a vu au th\u00e9\u00e2tre Golovine \u00ab\u00a0Connection\u00bb de la compagnie vauclusienne Evolu&#8217;mento, visible jusqu\u2019au 21 juillet Marie Soulabaille et Luca Ricci sont les danseurs et chor\u00e9graphes de la compagnie Evolu&#8217;mento et ils sont aussi en couple dans la vie. Ils ont con\u00e7u ce spectacle [&hellip;]","og_url":"https:\/\/www.patrickdenis.info\/WordPress3\/connection-un-magnifique-duo-de-dance-avignon-2024\/","og_site_name":"Patrick DENIS Photographe","article_published_time":"2024-07-21T15:18:03+00:00","article_modified_time":"2024-08-10T12:56:26+00:00","og_image":[{"width":1536,"height":864,"url":"https:\/\/www.patrickdenis.info\/WordPress3\/wp-content\/uploads\/2024\/07\/Connection-IMG_3851-Photo-Patrick_DENIS.webp","type":"image\/webp"}],"author":"Patrick DENIS","twitter_card":"summary_large_image","twitter_misc":{"\u00c9crit par":"Patrick DENIS","Dur\u00e9e de lecture estim\u00e9e":"2 minutes"},"schema":{"@context":"https:\/\/schema.org","@graph":[{"@type":"Article","@id":"https:\/\/www.patrickdenis.info\/WordPress3\/connection-un-magnifique-duo-de-dance-avignon-2024\/#article","isPartOf":{"@id":"https:\/\/www.patrickdenis.info\/WordPress3\/connection-un-magnifique-duo-de-dance-avignon-2024\/"},"author":{"name":"Patrick DENIS","@id":"https:\/\/www.patrickdenis.info\/WordPress3\/#\/schema\/person\/d43605ef0d5681c1b27a4ba1fede1cf4"},"headline":"&#8220;Connection&#8221;, un magnifique duo de dance\u00a0&#8211; Avignon 2024","datePublished":"2024-07-21T15:18:03+00:00","dateModified":"2024-08-10T12:56:26+00:00","mainEntityOfPage":{"@id":"https:\/\/www.patrickdenis.info\/WordPress3\/connection-un-magnifique-duo-de-dance-avignon-2024\/"},"wordCount":249,"publisher":{"@id":"https:\/\/www.patrickdenis.info\/WordPress3\/#\/schema\/person\/d43605ef0d5681c1b27a4ba1fede1cf4"},"image":{"@id":"https:\/\/www.patrickdenis.info\/WordPress3\/connection-un-magnifique-duo-de-dance-avignon-2024\/#primaryimage"},"thumbnailUrl":"https:\/\/www.patrickdenis.info\/WordPress3\/wp-content\/uploads\/2024\/07\/Connection-IMG_3851-Photo-Patrick_DENIS.webp","articleSection":["Danse","Festival Avignon"],"inLanguage":"fr-FR"},{"@type":"WebPage","@id":"https:\/\/www.patrickdenis.info\/WordPress3\/connection-un-magnifique-duo-de-dance-avignon-2024\/","url":"https:\/\/www.patrickdenis.info\/WordPress3\/connection-un-magnifique-duo-de-dance-avignon-2024\/","name":"\"Connection\", un magnifique duo de dance\u00a0- Avignon 2024 - Patrick DENIS Photographe","isPartOf":{"@id":"https:\/\/www.patrickdenis.info\/WordPress3\/#website"},"primaryImageOfPage":{"@id":"https:\/\/www.patrickdenis.info\/WordPress3\/connection-un-magnifique-duo-de-dance-avignon-2024\/#primaryimage"},"image":{"@id":"https:\/\/www.patrickdenis.info\/WordPress3\/connection-un-magnifique-duo-de-dance-avignon-2024\/#primaryimage"},"thumbnailUrl":"https:\/\/www.patrickdenis.info\/WordPress3\/wp-content\/uploads\/2024\/07\/Connection-IMG_3851-Photo-Patrick_DENIS.webp","datePublished":"2024-07-21T15:18:03+00:00","dateModified":"2024-08-10T12:56:26+00:00","breadcrumb":{"@id":"https:\/\/www.patrickdenis.info\/WordPress3\/connection-un-magnifique-duo-de-dance-avignon-2024\/#breadcrumb"},"inLanguage":"fr-FR","potentialAction":[{"@type":"ReadAction","target":["https:\/\/www.patrickdenis.info\/WordPress3\/connection-un-magnifique-duo-de-dance-avignon-2024\/"]}]},{"@type":"ImageObject","inLanguage":"fr-FR","@id":"https:\/\/www.patrickdenis.info\/WordPress3\/connection-un-magnifique-duo-de-dance-avignon-2024\/#primaryimage","url":"https:\/\/www.patrickdenis.info\/WordPress3\/wp-content\/uploads\/2024\/07\/Connection-IMG_3851-Photo-Patrick_DENIS.webp","contentUrl":"https:\/\/www.patrickdenis.info\/WordPress3\/wp-content\/uploads\/2024\/07\/Connection-IMG_3851-Photo-Patrick_DENIS.webp","width":1536,"height":864},{"@type":"BreadcrumbList","@id":"https:\/\/www.patrickdenis.info\/WordPress3\/connection-un-magnifique-duo-de-dance-avignon-2024\/#breadcrumb","itemListElement":[{"@type":"ListItem","position":1,"name":"Accueil","item":"https:\/\/www.patrickdenis.info\/WordPress3\/"},{"@type":"ListItem","position":2,"name":"&#8220;Connection&#8221;, un magnifique duo de dance\u00a0&#8211; Avignon 2024"}]},{"@type":"WebSite","@id":"https:\/\/www.patrickdenis.info\/WordPress3\/#website","url":"https:\/\/www.patrickdenis.info\/WordPress3\/","name":"Patrick DENIS Photographe","description":"Arts vivants, Cirque, Concert, Danse, Spectacle","publisher":{"@id":"https:\/\/www.patrickdenis.info\/WordPress3\/#\/schema\/person\/d43605ef0d5681c1b27a4ba1fede1cf4"},"potentialAction":[{"@type":"SearchAction","target":{"@type":"EntryPoint","urlTemplate":"https:\/\/www.patrickdenis.info\/WordPress3\/?s={search_term_string}"},"query-input":{"@type":"PropertyValueSpecification","valueRequired":true,"valueName":"search_term_string"}}],"inLanguage":"fr-FR"},{"@type":["Person","Organization"],"@id":"https:\/\/www.patrickdenis.info\/WordPress3\/#\/schema\/person\/d43605ef0d5681c1b27a4ba1fede1cf4","name":"Patrick DENIS","image":{"@type":"ImageObject","inLanguage":"fr-FR","@id":"https:\/\/www.patrickdenis.info\/WordPress3\/wp-content\/uploads\/2023\/01\/cropped-logo_dp_texte-blanc-5.jpg","url":"https:\/\/www.patrickdenis.info\/WordPress3\/wp-content\/uploads\/2023\/01\/cropped-logo_dp_texte-blanc-5.jpg","contentUrl":"https:\/\/www.patrickdenis.info\/WordPress3\/wp-content\/uploads\/2023\/01\/cropped-logo_dp_texte-blanc-5.jpg","width":512,"height":512,"caption":"Patrick DENIS"},"logo":{"@id":"https:\/\/www.patrickdenis.info\/WordPress3\/wp-content\/uploads\/2023\/01\/cropped-logo_dp_texte-blanc-5.jpg"}}]}},"_links":{"self":[{"href":"https:\/\/www.patrickdenis.info\/WordPress3\/wp-json\/wp\/v2\/posts\/7194","targetHints":{"allow":["GET"]}}],"collection":[{"href":"https:\/\/www.patrickdenis.info\/WordPress3\/wp-json\/wp\/v2\/posts"}],"about":[{"href":"https:\/\/www.patrickdenis.info\/WordPress3\/wp-json\/wp\/v2\/types\/post"}],"author":[{"embeddable":true,"href":"https:\/\/www.patrickdenis.info\/WordPress3\/wp-json\/wp\/v2\/users\/1"}],"replies":[{"embeddable":true,"href":"https:\/\/www.patrickdenis.info\/WordPress3\/wp-json\/wp\/v2\/comments?post=7194"}],"version-history":[{"count":25,"href":"https:\/\/www.patrickdenis.info\/WordPress3\/wp-json\/wp\/v2\/posts\/7194\/revisions"}],"predecessor-version":[{"id":7537,"href":"https:\/\/www.patrickdenis.info\/WordPress3\/wp-json\/wp\/v2\/posts\/7194\/revisions\/7537"}],"wp:featuredmedia":[{"embeddable":true,"href":"https:\/\/www.patrickdenis.info\/WordPress3\/wp-json\/wp\/v2\/media\/7196"}],"wp:attachment":[{"href":"https:\/\/www.patrickdenis.info\/WordPress3\/wp-json\/wp\/v2\/media?parent=7194"}],"wp:term":[{"taxonomy":"category","embeddable":true,"href":"https:\/\/www.patrickdenis.info\/WordPress3\/wp-json\/wp\/v2\/categories?post=7194"},{"taxonomy":"post_tag","embeddable":true,"href":"https:\/\/www.patrickdenis.info\/WordPress3\/wp-json\/wp\/v2\/tags?post=7194"}],"curies":[{"name":"wp","href":"https:\/\/api.w.org\/{rel}","templated":true}]}}