{"id":6974,"date":"2024-07-08T21:31:44","date_gmt":"2024-07-08T19:31:44","guid":{"rendered":"https:\/\/www.patrickdenis.info\/WordPress3\/?p=6974"},"modified":"2024-07-31T16:03:36","modified_gmt":"2024-07-31T14:03:36","slug":"viscum-un-duo-de-danse-extraordinaire-avignon-2024","status":"publish","type":"post","link":"https:\/\/www.patrickdenis.info\/WordPress3\/viscum-un-duo-de-danse-extraordinaire-avignon-2024\/","title":{"rendered":"\u00ab\u00a0Viscum \u00bb un duo de danse extraordinaire\u00a0&#8211; Avignon 2024"},"content":{"rendered":"\t\t<div data-elementor-type=\"wp-post\" data-elementor-id=\"6974\" class=\"elementor elementor-6974\" data-elementor-post-type=\"post\">\n\t\t\t\t\t\t<section class=\"elementor-section elementor-top-section elementor-element elementor-element-967c07d elementor-section-boxed elementor-section-height-default elementor-section-height-default\" data-id=\"967c07d\" data-element_type=\"section\" data-e-type=\"section\">\n\t\t\t\t\t\t<div class=\"elementor-container elementor-column-gap-default\">\n\t\t\t\t\t<div class=\"elementor-column elementor-col-100 elementor-top-column elementor-element elementor-element-147abdd\" data-id=\"147abdd\" data-element_type=\"column\" data-e-type=\"column\">\n\t\t\t<div class=\"elementor-widget-wrap elementor-element-populated\">\n\t\t\t\t\t\t<div class=\"elementor-element elementor-element-8d2e6a5 elementor-widget elementor-widget-heading\" data-id=\"8d2e6a5\" data-element_type=\"widget\" data-e-type=\"widget\" data-widget_type=\"heading.default\">\n\t\t\t\t<div class=\"elementor-widget-container\">\n\t\t\t\t\t<h2 class=\"elementor-heading-title elementor-size-default\">Festival Off : \u00ab Viscum \u00bb un duo de danse extraordinaire !<\/h2>\t\t\t\t<\/div>\n\t\t\t\t<\/div>\n\t\t\t\t\t<\/div>\n\t\t<\/div>\n\t\t\t\t\t<\/div>\n\t\t<\/section>\n\t\t\t\t<section class=\"elementor-section elementor-top-section elementor-element elementor-element-78ac20c elementor-section-boxed elementor-section-height-default elementor-section-height-default\" data-id=\"78ac20c\" data-element_type=\"section\" data-e-type=\"section\">\n\t\t\t\t\t\t<div class=\"elementor-container elementor-column-gap-default\">\n\t\t\t\t\t<div class=\"elementor-column elementor-col-100 elementor-top-column elementor-element elementor-element-ea9319a\" data-id=\"ea9319a\" data-element_type=\"column\" data-e-type=\"column\">\n\t\t\t<div class=\"elementor-widget-wrap elementor-element-populated\">\n\t\t\t\t\t\t<div class=\"elementor-element elementor-element-78dc382 elementor-widget elementor-widget-image\" data-id=\"78dc382\" data-element_type=\"widget\" data-e-type=\"widget\" data-widget_type=\"image.default\">\n\t\t\t\t<div class=\"elementor-widget-container\">\n\t\t\t\t\t\t\t\t\t\t\t\t\t\t\t<img fetchpriority=\"high\" decoding=\"async\" width=\"1536\" height=\"1026\" src=\"https:\/\/www.patrickdenis.info\/WordPress3\/wp-content\/uploads\/2024\/07\/Viscum-IMG_5793-Photo-Patrick_DENIS-1.jpg\" class=\"attachment-full size-full wp-image-7414\" alt=\"\" srcset=\"https:\/\/www.patrickdenis.info\/WordPress3\/wp-content\/uploads\/2024\/07\/Viscum-IMG_5793-Photo-Patrick_DENIS-1.jpg 1536w, https:\/\/www.patrickdenis.info\/WordPress3\/wp-content\/uploads\/2024\/07\/Viscum-IMG_5793-Photo-Patrick_DENIS-1-300x200.jpg 300w, https:\/\/www.patrickdenis.info\/WordPress3\/wp-content\/uploads\/2024\/07\/Viscum-IMG_5793-Photo-Patrick_DENIS-1-1024x684.jpg 1024w, https:\/\/www.patrickdenis.info\/WordPress3\/wp-content\/uploads\/2024\/07\/Viscum-IMG_5793-Photo-Patrick_DENIS-1-768x513.jpg 768w\" sizes=\"(max-width: 1536px) 100vw, 1536px\" \/>\t\t\t\t\t\t\t\t\t\t\t\t\t\t\t<\/div>\n\t\t\t\t<\/div>\n\t\t\t\t\t<\/div>\n\t\t<\/div>\n\t\t\t\t\t<\/div>\n\t\t<\/section>\n\t\t\t\t<section class=\"elementor-section elementor-top-section elementor-element elementor-element-a498942 elementor-section-boxed elementor-section-height-default elementor-section-height-default\" data-id=\"a498942\" data-element_type=\"section\" data-e-type=\"section\">\n\t\t\t\t\t\t<div class=\"elementor-container elementor-column-gap-default\">\n\t\t\t\t\t<div class=\"elementor-column elementor-col-100 elementor-top-column elementor-element elementor-element-054dfd9\" data-id=\"054dfd9\" data-element_type=\"column\" data-e-type=\"column\">\n\t\t\t<div class=\"elementor-widget-wrap elementor-element-populated\">\n\t\t\t\t\t\t<div class=\"elementor-element elementor-element-9cc9347 elementor-widget elementor-widget-text-editor\" data-id=\"9cc9347\" data-element_type=\"widget\" data-e-type=\"widget\" data-widget_type=\"text-editor.default\">\n\t\t\t\t<div class=\"elementor-widget-container\">\n\t\t\t\t\t\t\t\t\t<p><strong>On a vu aux \u00ab\u00a0Hivernales \u00bb, Viscum avec No\u00e9 Chapsal et Charlotte Louvel, un duo d\u2019une rare intensit\u00e9 visible jusqu\u2019au 16 juillet<\/strong><\/p><p>Fond noir, costumes de cuir noir, plateau noir d\u00e9limit\u00e9 par des faisceaux de c\u00e2bles noirs, voici l\u2019ambiance choisie par ce couple de danseur qui nous offrent avec \u00ab\u00a0Viscum \u00bb un spectacle qui est tout sauf noir, un spectacle qui est plut\u00f4t \u00e9blouissant\u00a0!<\/p><p>Dans ce duo de danse contemporaine, No\u00e9 Chapsal et Charlotte Louvel \u00e9voluent sur une musique \u00e9lectronique jou\u00e9e en direct par Christophe Ruetsch, ils \u00e9voluent ensemble, c\u2019est parfaitement synchronis\u00e9 et \u00e7a va tr\u00e8s tr\u00e8s vite.<\/p><p>Fusion ou antagonisme, les mouvements sont pr\u00e9cis, les corps tourbillonnent et se percutent dans les airs\u2026 De temps en temps survient une petite pause en \u00e9quilibre au centre du plateau, mais l\u2019\u00e9nergie reprend toujours le dessus encore et encore avec une chor\u00e9graphie et une interpr\u00e9tation qui laissent, au final, le public un peu \u00e9tourdi mais ravi\u00a0! Un vrai coup de c\u0153ur\u00a0!<\/p><p><strong>\u00ab\u00a0Viscum \u00bb Les\u00a0Hivernales\u00a0&#8211; CDCN d&#8217;Avignon<\/strong><br \/>18, rue Guillaume Puy \u2013 Avignon<br \/>Du 6 au 16 juillet \u00e0 13h30 &#8211; <strong>Rel\u00e2che\u00a0: <\/strong>11 juillet<br \/>Tarifs\u00a0: 8\/14\/20 \u20ac<br \/>R\u00e9servations\u00a0: +33 4 90 82 33 12<\/p><p><a href=\"https:\/\/www.festivaloffavignon.com\/spectacles\/3732-viscum\" target=\"_blank\" rel=\"noopener\">www.festivaloffavignon.com\/spectacles\/3732-viscum<\/a><br \/><a href=\"https:\/\/www.laprovence.com\/article\/festival-davignon\/59320732658780\/festival-off-davignon-viscum-un-duo-de-danse-extraordinaire\" target=\"_blank\" rel=\"noopener\">www.laprovence.com\/article\/festival-davignon\/59320732658780\/festival-off-davignon-viscum-un-duo-de-danse-extraordinaire<\/a><\/p><p><strong>Photo\u00a0: Patrick Denis<\/strong><\/p>\t\t\t\t\t\t\t\t<\/div>\n\t\t\t\t<\/div>\n\t\t\t\t\t<\/div>\n\t\t<\/div>\n\t\t\t\t\t<\/div>\n\t\t<\/section>\n\t\t\t\t<section class=\"elementor-section elementor-top-section elementor-element elementor-element-19a4ad1 elementor-section-boxed elementor-section-height-default elementor-section-height-default\" data-id=\"19a4ad1\" data-element_type=\"section\" data-e-type=\"section\">\n\t\t\t\t\t\t<div class=\"elementor-container elementor-column-gap-default\">\n\t\t\t\t\t<div class=\"elementor-column elementor-col-100 elementor-top-column elementor-element elementor-element-6f034b4\" data-id=\"6f034b4\" data-element_type=\"column\" data-e-type=\"column\">\n\t\t\t<div class=\"elementor-widget-wrap elementor-element-populated\">\n\t\t\t\t\t\t<div class=\"elementor-element elementor-element-8a5f6ab elementor-button-info elementor-align-center elementor-widget elementor-widget-button\" data-id=\"8a5f6ab\" data-element_type=\"widget\" data-e-type=\"widget\" data-widget_type=\"button.default\">\n\t\t\t\t<div class=\"elementor-widget-container\">\n\t\t\t\t\t\t\t\t\t<div class=\"elementor-button-wrapper\">\n\t\t\t\t\t<a class=\"elementor-button elementor-button-link elementor-size-sm\" href=\"https:\/\/www.patrickdenis.info\/photos\/index.php?\/category\/noe-chapsal-et-charlotte-louvel-viscum-les-hivernales-avignon-05\">\n\t\t\t\t\t\t<span class=\"elementor-button-content-wrapper\">\n\t\t\t\t\t\t<span class=\"elementor-button-icon\">\n\t\t\t\t<i aria-hidden=\"true\" class=\"far fa-share-square\"><\/i>\t\t\t<\/span>\n\t\t\t\t\t\t\t\t\t<span class=\"elementor-button-text\">Voir les photos<\/span>\n\t\t\t\t\t<\/span>\n\t\t\t\t\t<\/a>\n\t\t\t\t<\/div>\n\t\t\t\t\t\t\t\t<\/div>\n\t\t\t\t<\/div>\n\t\t\t\t\t<\/div>\n\t\t<\/div>\n\t\t\t\t\t<\/div>\n\t\t<\/section>\n\t\t\t\t<\/div>\n\t\t","protected":false},"excerpt":{"rendered":"<p>Festival Off : \u00ab Viscum \u00bb un duo de danse extraordinaire ! On a vu aux \u00ab\u00a0Hivernales \u00bb, Viscum avec No\u00e9 Chapsal et Charlotte Louvel, un duo d\u2019une rare intensit\u00e9 visible jusqu\u2019au 16 juillet Fond noir, costumes de cuir noir, plateau noir d\u00e9limit\u00e9 par des faisceaux de c\u00e2bles noirs, voici l\u2019ambiance choisie par ce couple [&hellip;]<\/p>\n","protected":false},"author":1,"featured_media":7414,"comment_status":"closed","ping_status":"open","sticky":false,"template":"","format":"standard","meta":{"footnotes":""},"categories":[30,56],"tags":[],"class_list":["post-6974","post","type-post","status-publish","format-standard","has-post-thumbnail","hentry","category-danse","category-festivalavignon"],"yoast_head":"<!-- This site is optimized with the Yoast SEO plugin v27.4 - https:\/\/yoast.com\/product\/yoast-seo-wordpress\/ -->\n<title>\u00ab\u00a0Viscum \u00bb un duo de danse extraordinaire\u00a0- Avignon 2024 - Patrick DENIS Photographe<\/title>\n<meta name=\"robots\" content=\"index, follow, max-snippet:-1, max-image-preview:large, max-video-preview:-1\" \/>\n<link rel=\"canonical\" href=\"https:\/\/www.patrickdenis.info\/WordPress3\/viscum-un-duo-de-danse-extraordinaire-avignon-2024\/\" \/>\n<meta property=\"og:locale\" content=\"fr_FR\" \/>\n<meta property=\"og:type\" content=\"article\" \/>\n<meta property=\"og:title\" content=\"\u00ab\u00a0Viscum \u00bb un duo de danse extraordinaire\u00a0- Avignon 2024 - Patrick DENIS Photographe\" \/>\n<meta property=\"og:description\" content=\"Festival Off : \u00ab Viscum \u00bb un duo de danse extraordinaire ! On a vu aux \u00ab\u00a0Hivernales \u00bb, Viscum avec No\u00e9 Chapsal et Charlotte Louvel, un duo d\u2019une rare intensit\u00e9 visible jusqu\u2019au 16 juillet Fond noir, costumes de cuir noir, plateau noir d\u00e9limit\u00e9 par des faisceaux de c\u00e2bles noirs, voici l\u2019ambiance choisie par ce couple [&hellip;]\" \/>\n<meta property=\"og:url\" content=\"https:\/\/www.patrickdenis.info\/WordPress3\/viscum-un-duo-de-danse-extraordinaire-avignon-2024\/\" \/>\n<meta property=\"og:site_name\" content=\"Patrick DENIS Photographe\" \/>\n<meta property=\"article:published_time\" content=\"2024-07-08T19:31:44+00:00\" \/>\n<meta property=\"article:modified_time\" content=\"2024-07-31T14:03:36+00:00\" \/>\n<meta property=\"og:image\" content=\"https:\/\/www.patrickdenis.info\/WordPress3\/wp-content\/uploads\/2024\/07\/Viscum-IMG_5793-Photo-Patrick_DENIS-1.jpg\" \/>\n\t<meta property=\"og:image:width\" content=\"1536\" \/>\n\t<meta property=\"og:image:height\" content=\"1026\" \/>\n\t<meta property=\"og:image:type\" content=\"image\/jpeg\" \/>\n<meta name=\"author\" content=\"Patrick DENIS\" \/>\n<meta name=\"twitter:card\" content=\"summary_large_image\" \/>\n<meta name=\"twitter:label1\" content=\"\u00c9crit par\" \/>\n\t<meta name=\"twitter:data1\" content=\"Patrick DENIS\" \/>\n\t<meta name=\"twitter:label2\" content=\"Dur\u00e9e de lecture estim\u00e9e\" \/>\n\t<meta name=\"twitter:data2\" content=\"2 minutes\" \/>\n<script type=\"application\/ld+json\" class=\"yoast-schema-graph\">{\"@context\":\"https:\\\/\\\/schema.org\",\"@graph\":[{\"@type\":\"Article\",\"@id\":\"https:\\\/\\\/www.patrickdenis.info\\\/WordPress3\\\/viscum-un-duo-de-danse-extraordinaire-avignon-2024\\\/#article\",\"isPartOf\":{\"@id\":\"https:\\\/\\\/www.patrickdenis.info\\\/WordPress3\\\/viscum-un-duo-de-danse-extraordinaire-avignon-2024\\\/\"},\"author\":{\"name\":\"Patrick DENIS\",\"@id\":\"https:\\\/\\\/www.patrickdenis.info\\\/WordPress3\\\/#\\\/schema\\\/person\\\/d43605ef0d5681c1b27a4ba1fede1cf4\"},\"headline\":\"\u00ab\u00a0Viscum \u00bb un duo de danse extraordinaire\u00a0&#8211; Avignon 2024\",\"datePublished\":\"2024-07-08T19:31:44+00:00\",\"dateModified\":\"2024-07-31T14:03:36+00:00\",\"mainEntityOfPage\":{\"@id\":\"https:\\\/\\\/www.patrickdenis.info\\\/WordPress3\\\/viscum-un-duo-de-danse-extraordinaire-avignon-2024\\\/\"},\"wordCount\":224,\"publisher\":{\"@id\":\"https:\\\/\\\/www.patrickdenis.info\\\/WordPress3\\\/#\\\/schema\\\/person\\\/d43605ef0d5681c1b27a4ba1fede1cf4\"},\"image\":{\"@id\":\"https:\\\/\\\/www.patrickdenis.info\\\/WordPress3\\\/viscum-un-duo-de-danse-extraordinaire-avignon-2024\\\/#primaryimage\"},\"thumbnailUrl\":\"https:\\\/\\\/www.patrickdenis.info\\\/WordPress3\\\/wp-content\\\/uploads\\\/2024\\\/07\\\/Viscum-IMG_5793-Photo-Patrick_DENIS-1.jpg\",\"articleSection\":[\"Danse\",\"Festival Avignon\"],\"inLanguage\":\"fr-FR\"},{\"@type\":\"WebPage\",\"@id\":\"https:\\\/\\\/www.patrickdenis.info\\\/WordPress3\\\/viscum-un-duo-de-danse-extraordinaire-avignon-2024\\\/\",\"url\":\"https:\\\/\\\/www.patrickdenis.info\\\/WordPress3\\\/viscum-un-duo-de-danse-extraordinaire-avignon-2024\\\/\",\"name\":\"\u00ab\u00a0Viscum \u00bb un duo de danse extraordinaire\u00a0- Avignon 2024 - Patrick DENIS Photographe\",\"isPartOf\":{\"@id\":\"https:\\\/\\\/www.patrickdenis.info\\\/WordPress3\\\/#website\"},\"primaryImageOfPage\":{\"@id\":\"https:\\\/\\\/www.patrickdenis.info\\\/WordPress3\\\/viscum-un-duo-de-danse-extraordinaire-avignon-2024\\\/#primaryimage\"},\"image\":{\"@id\":\"https:\\\/\\\/www.patrickdenis.info\\\/WordPress3\\\/viscum-un-duo-de-danse-extraordinaire-avignon-2024\\\/#primaryimage\"},\"thumbnailUrl\":\"https:\\\/\\\/www.patrickdenis.info\\\/WordPress3\\\/wp-content\\\/uploads\\\/2024\\\/07\\\/Viscum-IMG_5793-Photo-Patrick_DENIS-1.jpg\",\"datePublished\":\"2024-07-08T19:31:44+00:00\",\"dateModified\":\"2024-07-31T14:03:36+00:00\",\"breadcrumb\":{\"@id\":\"https:\\\/\\\/www.patrickdenis.info\\\/WordPress3\\\/viscum-un-duo-de-danse-extraordinaire-avignon-2024\\\/#breadcrumb\"},\"inLanguage\":\"fr-FR\",\"potentialAction\":[{\"@type\":\"ReadAction\",\"target\":[\"https:\\\/\\\/www.patrickdenis.info\\\/WordPress3\\\/viscum-un-duo-de-danse-extraordinaire-avignon-2024\\\/\"]}]},{\"@type\":\"ImageObject\",\"inLanguage\":\"fr-FR\",\"@id\":\"https:\\\/\\\/www.patrickdenis.info\\\/WordPress3\\\/viscum-un-duo-de-danse-extraordinaire-avignon-2024\\\/#primaryimage\",\"url\":\"https:\\\/\\\/www.patrickdenis.info\\\/WordPress3\\\/wp-content\\\/uploads\\\/2024\\\/07\\\/Viscum-IMG_5793-Photo-Patrick_DENIS-1.jpg\",\"contentUrl\":\"https:\\\/\\\/www.patrickdenis.info\\\/WordPress3\\\/wp-content\\\/uploads\\\/2024\\\/07\\\/Viscum-IMG_5793-Photo-Patrick_DENIS-1.jpg\",\"width\":1536,\"height\":1026},{\"@type\":\"BreadcrumbList\",\"@id\":\"https:\\\/\\\/www.patrickdenis.info\\\/WordPress3\\\/viscum-un-duo-de-danse-extraordinaire-avignon-2024\\\/#breadcrumb\",\"itemListElement\":[{\"@type\":\"ListItem\",\"position\":1,\"name\":\"Accueil\",\"item\":\"https:\\\/\\\/www.patrickdenis.info\\\/WordPress3\\\/\"},{\"@type\":\"ListItem\",\"position\":2,\"name\":\"\u00ab\u00a0Viscum \u00bb un duo de danse extraordinaire\u00a0&#8211; Avignon 2024\"}]},{\"@type\":\"WebSite\",\"@id\":\"https:\\\/\\\/www.patrickdenis.info\\\/WordPress3\\\/#website\",\"url\":\"https:\\\/\\\/www.patrickdenis.info\\\/WordPress3\\\/\",\"name\":\"Patrick DENIS Photographe\",\"description\":\"Arts vivants, Cirque, Concert, Danse, Spectacle\",\"publisher\":{\"@id\":\"https:\\\/\\\/www.patrickdenis.info\\\/WordPress3\\\/#\\\/schema\\\/person\\\/d43605ef0d5681c1b27a4ba1fede1cf4\"},\"potentialAction\":[{\"@type\":\"SearchAction\",\"target\":{\"@type\":\"EntryPoint\",\"urlTemplate\":\"https:\\\/\\\/www.patrickdenis.info\\\/WordPress3\\\/?s={search_term_string}\"},\"query-input\":{\"@type\":\"PropertyValueSpecification\",\"valueRequired\":true,\"valueName\":\"search_term_string\"}}],\"inLanguage\":\"fr-FR\"},{\"@type\":[\"Person\",\"Organization\"],\"@id\":\"https:\\\/\\\/www.patrickdenis.info\\\/WordPress3\\\/#\\\/schema\\\/person\\\/d43605ef0d5681c1b27a4ba1fede1cf4\",\"name\":\"Patrick DENIS\",\"image\":{\"@type\":\"ImageObject\",\"inLanguage\":\"fr-FR\",\"@id\":\"https:\\\/\\\/www.patrickdenis.info\\\/WordPress3\\\/wp-content\\\/uploads\\\/2023\\\/01\\\/cropped-logo_dp_texte-blanc-5.jpg\",\"url\":\"https:\\\/\\\/www.patrickdenis.info\\\/WordPress3\\\/wp-content\\\/uploads\\\/2023\\\/01\\\/cropped-logo_dp_texte-blanc-5.jpg\",\"contentUrl\":\"https:\\\/\\\/www.patrickdenis.info\\\/WordPress3\\\/wp-content\\\/uploads\\\/2023\\\/01\\\/cropped-logo_dp_texte-blanc-5.jpg\",\"width\":512,\"height\":512,\"caption\":\"Patrick DENIS\"},\"logo\":{\"@id\":\"https:\\\/\\\/www.patrickdenis.info\\\/WordPress3\\\/wp-content\\\/uploads\\\/2023\\\/01\\\/cropped-logo_dp_texte-blanc-5.jpg\"}}]}<\/script>\n<!-- \/ Yoast SEO plugin. -->","yoast_head_json":{"title":"\u00ab\u00a0Viscum \u00bb un duo de danse extraordinaire\u00a0- Avignon 2024 - Patrick DENIS Photographe","robots":{"index":"index","follow":"follow","max-snippet":"max-snippet:-1","max-image-preview":"max-image-preview:large","max-video-preview":"max-video-preview:-1"},"canonical":"https:\/\/www.patrickdenis.info\/WordPress3\/viscum-un-duo-de-danse-extraordinaire-avignon-2024\/","og_locale":"fr_FR","og_type":"article","og_title":"\u00ab\u00a0Viscum \u00bb un duo de danse extraordinaire\u00a0- Avignon 2024 - Patrick DENIS Photographe","og_description":"Festival Off : \u00ab Viscum \u00bb un duo de danse extraordinaire ! On a vu aux \u00ab\u00a0Hivernales \u00bb, Viscum avec No\u00e9 Chapsal et Charlotte Louvel, un duo d\u2019une rare intensit\u00e9 visible jusqu\u2019au 16 juillet Fond noir, costumes de cuir noir, plateau noir d\u00e9limit\u00e9 par des faisceaux de c\u00e2bles noirs, voici l\u2019ambiance choisie par ce couple [&hellip;]","og_url":"https:\/\/www.patrickdenis.info\/WordPress3\/viscum-un-duo-de-danse-extraordinaire-avignon-2024\/","og_site_name":"Patrick DENIS Photographe","article_published_time":"2024-07-08T19:31:44+00:00","article_modified_time":"2024-07-31T14:03:36+00:00","og_image":[{"width":1536,"height":1026,"url":"https:\/\/www.patrickdenis.info\/WordPress3\/wp-content\/uploads\/2024\/07\/Viscum-IMG_5793-Photo-Patrick_DENIS-1.jpg","type":"image\/jpeg"}],"author":"Patrick DENIS","twitter_card":"summary_large_image","twitter_misc":{"\u00c9crit par":"Patrick DENIS","Dur\u00e9e de lecture estim\u00e9e":"2 minutes"},"schema":{"@context":"https:\/\/schema.org","@graph":[{"@type":"Article","@id":"https:\/\/www.patrickdenis.info\/WordPress3\/viscum-un-duo-de-danse-extraordinaire-avignon-2024\/#article","isPartOf":{"@id":"https:\/\/www.patrickdenis.info\/WordPress3\/viscum-un-duo-de-danse-extraordinaire-avignon-2024\/"},"author":{"name":"Patrick DENIS","@id":"https:\/\/www.patrickdenis.info\/WordPress3\/#\/schema\/person\/d43605ef0d5681c1b27a4ba1fede1cf4"},"headline":"\u00ab\u00a0Viscum \u00bb un duo de danse extraordinaire\u00a0&#8211; Avignon 2024","datePublished":"2024-07-08T19:31:44+00:00","dateModified":"2024-07-31T14:03:36+00:00","mainEntityOfPage":{"@id":"https:\/\/www.patrickdenis.info\/WordPress3\/viscum-un-duo-de-danse-extraordinaire-avignon-2024\/"},"wordCount":224,"publisher":{"@id":"https:\/\/www.patrickdenis.info\/WordPress3\/#\/schema\/person\/d43605ef0d5681c1b27a4ba1fede1cf4"},"image":{"@id":"https:\/\/www.patrickdenis.info\/WordPress3\/viscum-un-duo-de-danse-extraordinaire-avignon-2024\/#primaryimage"},"thumbnailUrl":"https:\/\/www.patrickdenis.info\/WordPress3\/wp-content\/uploads\/2024\/07\/Viscum-IMG_5793-Photo-Patrick_DENIS-1.jpg","articleSection":["Danse","Festival Avignon"],"inLanguage":"fr-FR"},{"@type":"WebPage","@id":"https:\/\/www.patrickdenis.info\/WordPress3\/viscum-un-duo-de-danse-extraordinaire-avignon-2024\/","url":"https:\/\/www.patrickdenis.info\/WordPress3\/viscum-un-duo-de-danse-extraordinaire-avignon-2024\/","name":"\u00ab\u00a0Viscum \u00bb un duo de danse extraordinaire\u00a0- Avignon 2024 - Patrick DENIS Photographe","isPartOf":{"@id":"https:\/\/www.patrickdenis.info\/WordPress3\/#website"},"primaryImageOfPage":{"@id":"https:\/\/www.patrickdenis.info\/WordPress3\/viscum-un-duo-de-danse-extraordinaire-avignon-2024\/#primaryimage"},"image":{"@id":"https:\/\/www.patrickdenis.info\/WordPress3\/viscum-un-duo-de-danse-extraordinaire-avignon-2024\/#primaryimage"},"thumbnailUrl":"https:\/\/www.patrickdenis.info\/WordPress3\/wp-content\/uploads\/2024\/07\/Viscum-IMG_5793-Photo-Patrick_DENIS-1.jpg","datePublished":"2024-07-08T19:31:44+00:00","dateModified":"2024-07-31T14:03:36+00:00","breadcrumb":{"@id":"https:\/\/www.patrickdenis.info\/WordPress3\/viscum-un-duo-de-danse-extraordinaire-avignon-2024\/#breadcrumb"},"inLanguage":"fr-FR","potentialAction":[{"@type":"ReadAction","target":["https:\/\/www.patrickdenis.info\/WordPress3\/viscum-un-duo-de-danse-extraordinaire-avignon-2024\/"]}]},{"@type":"ImageObject","inLanguage":"fr-FR","@id":"https:\/\/www.patrickdenis.info\/WordPress3\/viscum-un-duo-de-danse-extraordinaire-avignon-2024\/#primaryimage","url":"https:\/\/www.patrickdenis.info\/WordPress3\/wp-content\/uploads\/2024\/07\/Viscum-IMG_5793-Photo-Patrick_DENIS-1.jpg","contentUrl":"https:\/\/www.patrickdenis.info\/WordPress3\/wp-content\/uploads\/2024\/07\/Viscum-IMG_5793-Photo-Patrick_DENIS-1.jpg","width":1536,"height":1026},{"@type":"BreadcrumbList","@id":"https:\/\/www.patrickdenis.info\/WordPress3\/viscum-un-duo-de-danse-extraordinaire-avignon-2024\/#breadcrumb","itemListElement":[{"@type":"ListItem","position":1,"name":"Accueil","item":"https:\/\/www.patrickdenis.info\/WordPress3\/"},{"@type":"ListItem","position":2,"name":"\u00ab\u00a0Viscum \u00bb un duo de danse extraordinaire\u00a0&#8211; Avignon 2024"}]},{"@type":"WebSite","@id":"https:\/\/www.patrickdenis.info\/WordPress3\/#website","url":"https:\/\/www.patrickdenis.info\/WordPress3\/","name":"Patrick DENIS Photographe","description":"Arts vivants, Cirque, Concert, Danse, Spectacle","publisher":{"@id":"https:\/\/www.patrickdenis.info\/WordPress3\/#\/schema\/person\/d43605ef0d5681c1b27a4ba1fede1cf4"},"potentialAction":[{"@type":"SearchAction","target":{"@type":"EntryPoint","urlTemplate":"https:\/\/www.patrickdenis.info\/WordPress3\/?s={search_term_string}"},"query-input":{"@type":"PropertyValueSpecification","valueRequired":true,"valueName":"search_term_string"}}],"inLanguage":"fr-FR"},{"@type":["Person","Organization"],"@id":"https:\/\/www.patrickdenis.info\/WordPress3\/#\/schema\/person\/d43605ef0d5681c1b27a4ba1fede1cf4","name":"Patrick DENIS","image":{"@type":"ImageObject","inLanguage":"fr-FR","@id":"https:\/\/www.patrickdenis.info\/WordPress3\/wp-content\/uploads\/2023\/01\/cropped-logo_dp_texte-blanc-5.jpg","url":"https:\/\/www.patrickdenis.info\/WordPress3\/wp-content\/uploads\/2023\/01\/cropped-logo_dp_texte-blanc-5.jpg","contentUrl":"https:\/\/www.patrickdenis.info\/WordPress3\/wp-content\/uploads\/2023\/01\/cropped-logo_dp_texte-blanc-5.jpg","width":512,"height":512,"caption":"Patrick DENIS"},"logo":{"@id":"https:\/\/www.patrickdenis.info\/WordPress3\/wp-content\/uploads\/2023\/01\/cropped-logo_dp_texte-blanc-5.jpg"}}]}},"_links":{"self":[{"href":"https:\/\/www.patrickdenis.info\/WordPress3\/wp-json\/wp\/v2\/posts\/6974","targetHints":{"allow":["GET"]}}],"collection":[{"href":"https:\/\/www.patrickdenis.info\/WordPress3\/wp-json\/wp\/v2\/posts"}],"about":[{"href":"https:\/\/www.patrickdenis.info\/WordPress3\/wp-json\/wp\/v2\/types\/post"}],"author":[{"embeddable":true,"href":"https:\/\/www.patrickdenis.info\/WordPress3\/wp-json\/wp\/v2\/users\/1"}],"replies":[{"embeddable":true,"href":"https:\/\/www.patrickdenis.info\/WordPress3\/wp-json\/wp\/v2\/comments?post=6974"}],"version-history":[{"count":16,"href":"https:\/\/www.patrickdenis.info\/WordPress3\/wp-json\/wp\/v2\/posts\/6974\/revisions"}],"predecessor-version":[{"id":7417,"href":"https:\/\/www.patrickdenis.info\/WordPress3\/wp-json\/wp\/v2\/posts\/6974\/revisions\/7417"}],"wp:featuredmedia":[{"embeddable":true,"href":"https:\/\/www.patrickdenis.info\/WordPress3\/wp-json\/wp\/v2\/media\/7414"}],"wp:attachment":[{"href":"https:\/\/www.patrickdenis.info\/WordPress3\/wp-json\/wp\/v2\/media?parent=6974"}],"wp:term":[{"taxonomy":"category","embeddable":true,"href":"https:\/\/www.patrickdenis.info\/WordPress3\/wp-json\/wp\/v2\/categories?post=6974"},{"taxonomy":"post_tag","embeddable":true,"href":"https:\/\/www.patrickdenis.info\/WordPress3\/wp-json\/wp\/v2\/tags?post=6974"}],"curies":[{"name":"wp","href":"https:\/\/api.w.org\/{rel}","templated":true}]}}