{"id":4058,"date":"2022-10-24T18:53:19","date_gmt":"2022-10-24T16:53:19","guid":{"rendered":"https:\/\/www.patrickdenis.info\/WordPress3\/?p=4058"},"modified":"2024-02-10T22:23:13","modified_gmt":"2024-02-10T21:23:13","slug":"expo-photos-festival-davignon-2022","status":"publish","type":"post","link":"https:\/\/www.patrickdenis.info\/WordPress3\/expo-photos-festival-davignon-2022\/","title":{"rendered":"Expo Festival d\u2019Avignon 2022"},"content":{"rendered":"\t\t<div data-elementor-type=\"wp-post\" data-elementor-id=\"4058\" class=\"elementor elementor-4058\" data-elementor-post-type=\"post\">\n\t\t\t\t\t\t<section class=\"elementor-section elementor-top-section elementor-element elementor-element-da178a3 elementor-section-boxed elementor-section-height-default elementor-section-height-default\" data-id=\"da178a3\" data-element_type=\"section\" data-e-type=\"section\">\n\t\t\t\t\t\t<div class=\"elementor-container elementor-column-gap-default\">\n\t\t\t\t\t<div class=\"elementor-column elementor-col-100 elementor-top-column elementor-element elementor-element-b16a77d\" data-id=\"b16a77d\" data-element_type=\"column\" data-e-type=\"column\">\n\t\t\t<div class=\"elementor-widget-wrap elementor-element-populated\">\n\t\t\t\t\t\t<div class=\"elementor-element elementor-element-39c5e66 elementor-widget elementor-widget-text-editor\" data-id=\"39c5e66\" data-element_type=\"widget\" data-e-type=\"widget\" data-widget_type=\"text-editor.default\">\n\t\t\t\t<div class=\"elementor-widget-container\">\n\t\t\t\t\t\t\t\t\t<p style=\"text-align: center;\">Exposition de photos dans le cadre de l&#8217;automne de Pernes les photos \u00e0 la chapelle des p\u00e9nitents blancs \u00e0 Pernes les Fontaines<br \/>12 photos r\u00e9alis\u00e9es cet \u00e9t\u00e9 au festival d&#8217;Avignon<\/p><p style=\"text-align: center;\"><strong>Cliquez sur les photos qui d\u00e9filent ci-dessous pour plus d&#8217;informations sur le spectacle concern\u00e9<\/strong><\/p>\t\t\t\t\t\t\t\t<\/div>\n\t\t\t\t<\/div>\n\t\t\t\t\t<\/div>\n\t\t<\/div>\n\t\t\t\t\t<\/div>\n\t\t<\/section>\n\t\t\t\t<section class=\"elementor-section elementor-top-section elementor-element elementor-element-bbd1434 elementor-section-full_width elementor-section-height-default elementor-section-height-default\" data-id=\"bbd1434\" data-element_type=\"section\" data-e-type=\"section\">\n\t\t\t\t\t\t<div class=\"elementor-container elementor-column-gap-default\">\n\t\t\t\t\t<div class=\"elementor-column elementor-col-100 elementor-top-column elementor-element elementor-element-4d08e07\" data-id=\"4d08e07\" data-element_type=\"column\" data-e-type=\"column\">\n\t\t\t<div class=\"elementor-widget-wrap elementor-element-populated\">\n\t\t\t\t\t\t<div class=\"elementor-element elementor-element-278f2ab elementor-skin-carousel elementor-arrows-yes elementor-pagination-type-bullets elementor-pagination-position-outside elementor-widget elementor-widget-media-carousel\" data-id=\"278f2ab\" data-element_type=\"widget\" data-e-type=\"widget\" data-settings=\"{&quot;slides_per_view&quot;:&quot;6&quot;,&quot;speed&quot;:1000,&quot;autoplay_speed&quot;:1000,&quot;skin&quot;:&quot;carousel&quot;,&quot;effect&quot;:&quot;slide&quot;,&quot;show_arrows&quot;:&quot;yes&quot;,&quot;pagination&quot;:&quot;bullets&quot;,&quot;autoplay&quot;:&quot;yes&quot;,&quot;loop&quot;:&quot;yes&quot;,&quot;pause_on_hover&quot;:&quot;yes&quot;,&quot;pause_on_interaction&quot;:&quot;yes&quot;,&quot;space_between&quot;:{&quot;unit&quot;:&quot;px&quot;,&quot;size&quot;:10,&quot;sizes&quot;:[]},&quot;space_between_tablet&quot;:{&quot;unit&quot;:&quot;px&quot;,&quot;size&quot;:10,&quot;sizes&quot;:[]},&quot;space_between_mobile&quot;:{&quot;unit&quot;:&quot;px&quot;,&quot;size&quot;:10,&quot;sizes&quot;:[]}}\" data-widget_type=\"media-carousel.default\">\n\t\t\t\t<div class=\"elementor-widget-container\">\n\t\t\t\t\t\t\t\t\t<div class=\"elementor-swiper\">\n\t\t\t\t\t<div class=\"elementor-main-swiper swiper\" role=\"region\" aria-roledescription=\"carousel\" aria-label=\"Diapositives\">\n\t\t\t\t<div class=\"swiper-wrapper\">\n\t\t\t\t\t\t\t\t\t\t\t<div class=\"swiper-slide\" role=\"group\" aria-roledescription=\"slide\">\n\t\t\t\t\t\t\t<a href=\"https:\/\/www.patrickdenis.info\/WordPress3\/underdogs-un-enorme-coup-de-coeur\/\">\t\t<div class=\"elementor-carousel-image\" role=\"img\" aria-label=\"IMG_3988\" style=\"background-image: url(&#039;https:\/\/www.patrickdenis.info\/WordPress3\/wp-content\/uploads\/2022\/10\/IMG_3988.jpg&#039;)\">\n\n\t\t\t\n\t\t\t\t\t<\/div>\n\t\t<\/a>\t\t\t\t\t\t<\/div>\n\t\t\t\t\t\t\t\t\t\t\t<div class=\"swiper-slide\" role=\"group\" aria-roledescription=\"slide\">\n\t\t\t\t\t\t\t<a href=\"https:\/\/www.patrickdenis.info\/WordPress3\/08-madame-arthur\/\">\t\t<div class=\"elementor-carousel-image\" role=\"img\" aria-label=\"IMG_4620\" style=\"background-image: url(&#039;https:\/\/www.patrickdenis.info\/WordPress3\/wp-content\/uploads\/2022\/10\/IMG_4620.jpg&#039;)\">\n\n\t\t\t\n\t\t\t\t\t<\/div>\n\t\t<\/a>\t\t\t\t\t\t<\/div>\n\t\t\t\t\t\t\t\t\t\t\t<div class=\"swiper-slide\" role=\"group\" aria-roledescription=\"slide\">\n\t\t\t\t\t\t\t<a href=\"https:\/\/www.patrickdenis.info\/WordPress3\/07-starving-dingoes\/\">\t\t<div class=\"elementor-carousel-image\" role=\"img\" aria-label=\"IMG_4438\" style=\"background-image: url(&#039;https:\/\/www.patrickdenis.info\/WordPress3\/wp-content\/uploads\/2022\/10\/IMG_4438.jpg&#039;)\">\n\n\t\t\t\n\t\t\t\t\t<\/div>\n\t\t<\/a>\t\t\t\t\t\t<\/div>\n\t\t\t\t\t\t\t\t\t\t\t<div class=\"swiper-slide\" role=\"group\" aria-roledescription=\"slide\">\n\t\t\t\t\t\t\t<a href=\"https:\/\/www.patrickdenis.info\/WordPress3\/machine-de-cirque-un-enorme-coup-de-coeur-avignon-2022\/\">\t\t<div class=\"elementor-carousel-image\" role=\"img\" aria-label=\"IMG_3567\" style=\"background-image: url(&#039;https:\/\/www.patrickdenis.info\/WordPress3\/wp-content\/uploads\/2022\/10\/IMG_3567.jpg&#039;)\">\n\n\t\t\t\n\t\t\t\t\t<\/div>\n\t\t<\/a>\t\t\t\t\t\t<\/div>\n\t\t\t\t\t\t\t\t\t\t\t<div class=\"swiper-slide\" role=\"group\" aria-roledescription=\"slide\">\n\t\t\t\t\t\t\t<a href=\"https:\/\/www.patrickdenis.info\/WordPress3\/inops-une-grande-originalite-avignon-2022\/\">\t\t<div class=\"elementor-carousel-image\" role=\"img\" aria-label=\"IMG_5991\" style=\"background-image: url(&#039;https:\/\/www.patrickdenis.info\/WordPress3\/wp-content\/uploads\/2022\/10\/IMG_5991.jpg&#039;)\">\n\n\t\t\t\n\t\t\t\t\t<\/div>\n\t\t<\/a>\t\t\t\t\t\t<\/div>\n\t\t\t\t\t\t\t\t\t\t\t<div class=\"swiper-slide\" role=\"group\" aria-roledescription=\"slide\">\n\t\t\t\t\t\t\t<a href=\"https:\/\/www.patrickdenis.info\/WordPress3\/06-dividus\/\">\t\t<div class=\"elementor-carousel-image\" role=\"img\" aria-label=\"IMG_4233_1\" style=\"background-image: url(&#039;https:\/\/www.patrickdenis.info\/WordPress3\/wp-content\/uploads\/2022\/10\/IMG_4233_1.jpg&#039;)\">\n\n\t\t\t\n\t\t\t\t\t<\/div>\n\t\t<\/a>\t\t\t\t\t\t<\/div>\n\t\t\t\t\t\t\t\t\t\t\t<div class=\"swiper-slide\" role=\"group\" aria-roledescription=\"slide\">\n\t\t\t\t\t\t\t<a href=\"https:\/\/www.patrickdenis.info\/WordPress3\/six-un-enorme-coup-de-coeur-a-voir-en-famille-avignon-2022\/\">\t\t<div class=\"elementor-carousel-image\" role=\"img\" aria-label=\"IMG_3172\" style=\"background-image: url(&#039;https:\/\/www.patrickdenis.info\/WordPress3\/wp-content\/uploads\/2022\/10\/IMG_3172.jpg&#039;)\">\n\n\t\t\t\n\t\t\t\t\t<\/div>\n\t\t<\/a>\t\t\t\t\t\t<\/div>\n\t\t\t\t\t\t\t\t\t\t\t<div class=\"swiper-slide\" role=\"group\" aria-roledescription=\"slide\">\n\t\t\t\t\t\t\t<a href=\"https:\/\/www.patrickdenis.info\/WordPress3\/what-will-have-been-avignon-2022\/\">\t\t<div class=\"elementor-carousel-image\" role=\"img\" aria-label=\"IMG_2803_1\" style=\"background-image: url(&#039;https:\/\/www.patrickdenis.info\/WordPress3\/wp-content\/uploads\/2022\/10\/IMG_2803_1.jpg&#039;)\">\n\n\t\t\t\n\t\t\t\t\t<\/div>\n\t\t<\/a>\t\t\t\t\t\t<\/div>\n\t\t\t\t\t\t\t\t\t\t\t<div class=\"swiper-slide\" role=\"group\" aria-roledescription=\"slide\">\n\t\t\t\t\t\t\t<a href=\"https:\/\/www.patrickdenis.info\/WordPress3\/borders-and-walls-contemporain-et-pluridisciplinaire-on-adore\/\">\t\t<div class=\"elementor-carousel-image\" role=\"img\" aria-label=\"IMG_5067\" style=\"background-image: url(&#039;https:\/\/www.patrickdenis.info\/WordPress3\/wp-content\/uploads\/2022\/10\/IMG_5067.jpg&#039;)\">\n\n\t\t\t\n\t\t\t\t\t<\/div>\n\t\t<\/a>\t\t\t\t\t\t<\/div>\n\t\t\t\t\t\t\t\t\t\t\t<div class=\"swiper-slide\" role=\"group\" aria-roledescription=\"slide\">\n\t\t\t\t\t\t\t<a href=\"https:\/\/www.patrickdenis.info\/WordPress3\/12-the-lulu-projekt\/\">\t\t<div class=\"elementor-carousel-image\" role=\"img\" aria-label=\"IMG_7628\" style=\"background-image: url(&#039;https:\/\/www.patrickdenis.info\/WordPress3\/wp-content\/uploads\/2022\/10\/IMG_7628.jpg&#039;)\">\n\n\t\t\t\n\t\t\t\t\t<\/div>\n\t\t<\/a>\t\t\t\t\t\t<\/div>\n\t\t\t\t\t\t\t\t\t\t\t<div class=\"swiper-slide\" role=\"group\" aria-roledescription=\"slide\">\n\t\t\t\t\t\t\t<a href=\"https:\/\/www.patrickdenis.info\/WordPress3\/la-galerie-un-enorme-coup-de-coeur-avignon-2022\/\">\t\t<div class=\"elementor-carousel-image\" role=\"img\" aria-label=\"IMG_1750\" style=\"background-image: url(&#039;https:\/\/www.patrickdenis.info\/WordPress3\/wp-content\/uploads\/2022\/10\/IMG_1750.jpg&#039;)\">\n\n\t\t\t\n\t\t\t\t\t<\/div>\n\t\t<\/a>\t\t\t\t\t\t<\/div>\n\t\t\t\t\t\t\t\t\t\t\t<div class=\"swiper-slide\" role=\"group\" aria-roledescription=\"slide\">\n\t\t\t\t\t\t\t<a href=\"https:\/\/www.patrickdenis.info\/WordPress3\/10-people-what-poeple\/\">\t\t<div class=\"elementor-carousel-image\" role=\"img\" aria-label=\"IMG_5700\" style=\"background-image: url(&#039;https:\/\/www.patrickdenis.info\/WordPress3\/wp-content\/uploads\/2022\/10\/IMG_5700.jpg&#039;)\">\n\n\t\t\t\n\t\t\t\t\t<\/div>\n\t\t<\/a>\t\t\t\t\t\t<\/div>\n\t\t\t\t\t\t\t\t\t\t\t<div class=\"swiper-slide\" role=\"group\" aria-roledescription=\"slide\">\n\t\t\t\t\t\t\t<a href=\"https:\/\/www.patrickdenis.info\/WordPress3\/13-sous-le-poids-des-plumes\/\" target=\"_blank\">\t\t<div class=\"elementor-carousel-image\" role=\"img\" aria-label=\"Pyramid IMG_3303 Photo Patrick_DENIS\" style=\"background-image: url(&#039;https:\/\/www.patrickdenis.info\/WordPress3\/wp-content\/uploads\/2023\/01\/Pyramid-IMG_3303-Photo-Patrick_DENIS.jpg&#039;)\">\n\n\t\t\t\n\t\t\t\t\t<\/div>\n\t\t<\/a>\t\t\t\t\t\t<\/div>\n\t\t\t\t\t\t\t\t\t<\/div>\n\t\t\t\t\t\t\t\t\t\t\t\t\t\t\t<div class=\"elementor-swiper-button elementor-swiper-button-prev\" role=\"button\" tabindex=\"0\" aria-label=\"Pr\u00e9c\u00e9dent\">\n\t\t\t\t\t\t\t<i aria-hidden=\"true\" class=\"eicon-chevron-left\"><\/i>\t\t\t\t\t\t<\/div>\n\t\t\t\t\t\t<div class=\"elementor-swiper-button elementor-swiper-button-next\" role=\"button\" tabindex=\"0\" aria-label=\"Suivant\">\n\t\t\t\t\t\t\t<i aria-hidden=\"true\" class=\"eicon-chevron-right\"><\/i>\t\t\t\t\t\t<\/div>\n\t\t\t\t\t\t\t\t\t\t\t\t\t\t\t\t<div class=\"swiper-pagination\"><\/div>\n\t\t\t\t\t\t\t\t\t\t\t\t<\/div>\n\t\t\t\t<\/div>\n\t\t\t\t\t\t\t\t<\/div>\n\t\t\t\t<\/div>\n\t\t\t\t\t<\/div>\n\t\t<\/div>\n\t\t\t\t\t<\/div>\n\t\t<\/section>\n\t\t\t\t<section class=\"elementor-section elementor-top-section elementor-element elementor-element-dcf0ed8 elementor-section-boxed elementor-section-height-default elementor-section-height-default\" data-id=\"dcf0ed8\" data-element_type=\"section\" data-e-type=\"section\">\n\t\t\t\t\t\t<div class=\"elementor-container elementor-column-gap-default\">\n\t\t\t\t\t<div class=\"elementor-column elementor-col-100 elementor-top-column elementor-element elementor-element-7d4d4b1\" data-id=\"7d4d4b1\" data-element_type=\"column\" data-e-type=\"column\">\n\t\t\t<div class=\"elementor-widget-wrap elementor-element-populated\">\n\t\t\t\t\t\t<div class=\"elementor-element elementor-element-255b344 elementor-widget elementor-widget-text-editor\" data-id=\"255b344\" data-element_type=\"widget\" data-e-type=\"widget\" data-widget_type=\"text-editor.default\">\n\t\t\t\t<div class=\"elementor-widget-container\">\n\t\t\t\t\t\t\t\t\t<p style=\"text-align: center;\">Un aper\u00e7u de l&#8217;expo accroch\u00e9e<\/p>\t\t\t\t\t\t\t\t<\/div>\n\t\t\t\t<\/div>\n\t\t\t\t\t<\/div>\n\t\t<\/div>\n\t\t\t\t\t<\/div>\n\t\t<\/section>\n\t\t\t\t<section class=\"elementor-section elementor-top-section elementor-element elementor-element-94eabed elementor-section-full_width elementor-section-height-default elementor-section-height-default\" data-id=\"94eabed\" data-element_type=\"section\" data-e-type=\"section\">\n\t\t\t\t\t\t<div class=\"elementor-container elementor-column-gap-default\">\n\t\t\t\t\t<div class=\"elementor-column elementor-col-100 elementor-top-column elementor-element elementor-element-7a22b22\" data-id=\"7a22b22\" data-element_type=\"column\" data-e-type=\"column\">\n\t\t\t<div class=\"elementor-widget-wrap elementor-element-populated\">\n\t\t\t\t\t\t<div class=\"elementor-element elementor-element-19e58dd elementor-widget elementor-widget-image\" data-id=\"19e58dd\" data-element_type=\"widget\" data-e-type=\"widget\" data-widget_type=\"image.default\">\n\t\t\t\t<div class=\"elementor-widget-container\">\n\t\t\t\t\t\t\t\t\t\t\t\t\t\t\t<img fetchpriority=\"high\" decoding=\"async\" width=\"1225\" height=\"919\" src=\"https:\/\/www.patrickdenis.info\/WordPress3\/wp-content\/uploads\/2023\/01\/20221022_162819.jpg\" class=\"attachment-1536x1536 size-1536x1536 wp-image-4459\" alt=\"\" srcset=\"https:\/\/www.patrickdenis.info\/WordPress3\/wp-content\/uploads\/2023\/01\/20221022_162819.jpg 1225w, https:\/\/www.patrickdenis.info\/WordPress3\/wp-content\/uploads\/2023\/01\/20221022_162819-300x225.jpg 300w, https:\/\/www.patrickdenis.info\/WordPress3\/wp-content\/uploads\/2023\/01\/20221022_162819-1024x768.jpg 1024w, https:\/\/www.patrickdenis.info\/WordPress3\/wp-content\/uploads\/2023\/01\/20221022_162819-768x576.jpg 768w\" sizes=\"(max-width: 1225px) 100vw, 1225px\" \/>\t\t\t\t\t\t\t\t\t\t\t\t\t\t\t<\/div>\n\t\t\t\t<\/div>\n\t\t\t\t\t<\/div>\n\t\t<\/div>\n\t\t\t\t\t<\/div>\n\t\t<\/section>\n\t\t\t\t<\/div>\n\t\t","protected":false},"excerpt":{"rendered":"<p>Exposition de photos dans le cadre de l&#8217;automne de Pernes les photos \u00e0 la chapelle des p\u00e9nitents blancs \u00e0 Pernes les Fontaines12 photos r\u00e9alis\u00e9es cet \u00e9t\u00e9 au festival d&#8217;Avignon Cliquez sur les photos qui d\u00e9filent ci-dessous pour plus d&#8217;informations sur le spectacle concern\u00e9 Pr\u00e9c\u00e9dent Suivant Un aper\u00e7u de l&#8217;expo accroch\u00e9e<\/p>\n","protected":false},"author":1,"featured_media":4057,"comment_status":"closed","ping_status":"open","sticky":false,"template":"","format":"standard","meta":{"footnotes":""},"categories":[27,56],"tags":[],"class_list":["post-4058","post","type-post","status-publish","format-standard","has-post-thumbnail","hentry","category-expos","category-festivalavignon"],"yoast_head":"<!-- This site is optimized with the Yoast SEO plugin v27.4 - https:\/\/yoast.com\/product\/yoast-seo-wordpress\/ -->\n<title>Expo Festival d\u2019Avignon 2022 - Patrick DENIS Photographe<\/title>\n<meta name=\"robots\" content=\"index, follow, max-snippet:-1, max-image-preview:large, max-video-preview:-1\" \/>\n<link rel=\"canonical\" href=\"https:\/\/www.patrickdenis.info\/WordPress3\/expo-photos-festival-davignon-2022\/\" \/>\n<meta property=\"og:locale\" content=\"fr_FR\" \/>\n<meta property=\"og:type\" content=\"article\" \/>\n<meta property=\"og:title\" content=\"Expo Festival d\u2019Avignon 2022 - Patrick DENIS Photographe\" \/>\n<meta property=\"og:description\" content=\"Exposition de photos dans le cadre de l&#8217;automne de Pernes les photos \u00e0 la chapelle des p\u00e9nitents blancs \u00e0 Pernes les Fontaines12 photos r\u00e9alis\u00e9es cet \u00e9t\u00e9 au festival d&#8217;Avignon Cliquez sur les photos qui d\u00e9filent ci-dessous pour plus d&#8217;informations sur le spectacle concern\u00e9 Pr\u00e9c\u00e9dent Suivant Un aper\u00e7u de l&#8217;expo accroch\u00e9e\" \/>\n<meta property=\"og:url\" content=\"https:\/\/www.patrickdenis.info\/WordPress3\/expo-photos-festival-davignon-2022\/\" \/>\n<meta property=\"og:site_name\" content=\"Patrick DENIS Photographe\" \/>\n<meta property=\"article:published_time\" content=\"2022-10-24T16:53:19+00:00\" \/>\n<meta property=\"article:modified_time\" content=\"2024-02-10T21:23:13+00:00\" \/>\n<meta property=\"og:image\" content=\"https:\/\/www.patrickdenis.info\/WordPress3\/wp-content\/uploads\/2022\/10\/Affiche-2022-automne-724x1024.jpg\" \/>\n\t<meta property=\"og:image:width\" content=\"724\" \/>\n\t<meta property=\"og:image:height\" content=\"1024\" \/>\n\t<meta property=\"og:image:type\" content=\"image\/jpeg\" \/>\n<meta name=\"author\" content=\"Patrick DENIS\" \/>\n<meta name=\"twitter:card\" content=\"summary_large_image\" \/>\n<meta name=\"twitter:label1\" content=\"\u00c9crit par\" \/>\n\t<meta name=\"twitter:data1\" content=\"Patrick DENIS\" \/>\n\t<meta name=\"twitter:label2\" content=\"Dur\u00e9e de lecture estim\u00e9e\" \/>\n\t<meta name=\"twitter:data2\" content=\"1 minute\" \/>\n<script type=\"application\/ld+json\" class=\"yoast-schema-graph\">{\"@context\":\"https:\\\/\\\/schema.org\",\"@graph\":[{\"@type\":\"Article\",\"@id\":\"https:\\\/\\\/www.patrickdenis.info\\\/WordPress3\\\/expo-photos-festival-davignon-2022\\\/#article\",\"isPartOf\":{\"@id\":\"https:\\\/\\\/www.patrickdenis.info\\\/WordPress3\\\/expo-photos-festival-davignon-2022\\\/\"},\"author\":{\"name\":\"Patrick DENIS\",\"@id\":\"https:\\\/\\\/www.patrickdenis.info\\\/WordPress3\\\/#\\\/schema\\\/person\\\/d43605ef0d5681c1b27a4ba1fede1cf4\"},\"headline\":\"Expo Festival d\u2019Avignon 2022\",\"datePublished\":\"2022-10-24T16:53:19+00:00\",\"dateModified\":\"2024-02-10T21:23:13+00:00\",\"mainEntityOfPage\":{\"@id\":\"https:\\\/\\\/www.patrickdenis.info\\\/WordPress3\\\/expo-photos-festival-davignon-2022\\\/\"},\"wordCount\":64,\"publisher\":{\"@id\":\"https:\\\/\\\/www.patrickdenis.info\\\/WordPress3\\\/#\\\/schema\\\/person\\\/d43605ef0d5681c1b27a4ba1fede1cf4\"},\"image\":{\"@id\":\"https:\\\/\\\/www.patrickdenis.info\\\/WordPress3\\\/expo-photos-festival-davignon-2022\\\/#primaryimage\"},\"thumbnailUrl\":\"https:\\\/\\\/www.patrickdenis.info\\\/WordPress3\\\/wp-content\\\/uploads\\\/2022\\\/10\\\/Affiche-2022-automne.jpg\",\"articleSection\":[\"Expositions\",\"Festival Avignon\"],\"inLanguage\":\"fr-FR\"},{\"@type\":\"WebPage\",\"@id\":\"https:\\\/\\\/www.patrickdenis.info\\\/WordPress3\\\/expo-photos-festival-davignon-2022\\\/\",\"url\":\"https:\\\/\\\/www.patrickdenis.info\\\/WordPress3\\\/expo-photos-festival-davignon-2022\\\/\",\"name\":\"Expo Festival d\u2019Avignon 2022 - Patrick DENIS Photographe\",\"isPartOf\":{\"@id\":\"https:\\\/\\\/www.patrickdenis.info\\\/WordPress3\\\/#website\"},\"primaryImageOfPage\":{\"@id\":\"https:\\\/\\\/www.patrickdenis.info\\\/WordPress3\\\/expo-photos-festival-davignon-2022\\\/#primaryimage\"},\"image\":{\"@id\":\"https:\\\/\\\/www.patrickdenis.info\\\/WordPress3\\\/expo-photos-festival-davignon-2022\\\/#primaryimage\"},\"thumbnailUrl\":\"https:\\\/\\\/www.patrickdenis.info\\\/WordPress3\\\/wp-content\\\/uploads\\\/2022\\\/10\\\/Affiche-2022-automne.jpg\",\"datePublished\":\"2022-10-24T16:53:19+00:00\",\"dateModified\":\"2024-02-10T21:23:13+00:00\",\"breadcrumb\":{\"@id\":\"https:\\\/\\\/www.patrickdenis.info\\\/WordPress3\\\/expo-photos-festival-davignon-2022\\\/#breadcrumb\"},\"inLanguage\":\"fr-FR\",\"potentialAction\":[{\"@type\":\"ReadAction\",\"target\":[\"https:\\\/\\\/www.patrickdenis.info\\\/WordPress3\\\/expo-photos-festival-davignon-2022\\\/\"]}]},{\"@type\":\"ImageObject\",\"inLanguage\":\"fr-FR\",\"@id\":\"https:\\\/\\\/www.patrickdenis.info\\\/WordPress3\\\/expo-photos-festival-davignon-2022\\\/#primaryimage\",\"url\":\"https:\\\/\\\/www.patrickdenis.info\\\/WordPress3\\\/wp-content\\\/uploads\\\/2022\\\/10\\\/Affiche-2022-automne.jpg\",\"contentUrl\":\"https:\\\/\\\/www.patrickdenis.info\\\/WordPress3\\\/wp-content\\\/uploads\\\/2022\\\/10\\\/Affiche-2022-automne.jpg\",\"width\":1684,\"height\":2381},{\"@type\":\"BreadcrumbList\",\"@id\":\"https:\\\/\\\/www.patrickdenis.info\\\/WordPress3\\\/expo-photos-festival-davignon-2022\\\/#breadcrumb\",\"itemListElement\":[{\"@type\":\"ListItem\",\"position\":1,\"name\":\"Accueil\",\"item\":\"https:\\\/\\\/www.patrickdenis.info\\\/WordPress3\\\/\"},{\"@type\":\"ListItem\",\"position\":2,\"name\":\"Expo Festival d\u2019Avignon 2022\"}]},{\"@type\":\"WebSite\",\"@id\":\"https:\\\/\\\/www.patrickdenis.info\\\/WordPress3\\\/#website\",\"url\":\"https:\\\/\\\/www.patrickdenis.info\\\/WordPress3\\\/\",\"name\":\"Patrick DENIS Photographe\",\"description\":\"Arts vivants, Cirque, Concert, Danse, Spectacle\",\"publisher\":{\"@id\":\"https:\\\/\\\/www.patrickdenis.info\\\/WordPress3\\\/#\\\/schema\\\/person\\\/d43605ef0d5681c1b27a4ba1fede1cf4\"},\"potentialAction\":[{\"@type\":\"SearchAction\",\"target\":{\"@type\":\"EntryPoint\",\"urlTemplate\":\"https:\\\/\\\/www.patrickdenis.info\\\/WordPress3\\\/?s={search_term_string}\"},\"query-input\":{\"@type\":\"PropertyValueSpecification\",\"valueRequired\":true,\"valueName\":\"search_term_string\"}}],\"inLanguage\":\"fr-FR\"},{\"@type\":[\"Person\",\"Organization\"],\"@id\":\"https:\\\/\\\/www.patrickdenis.info\\\/WordPress3\\\/#\\\/schema\\\/person\\\/d43605ef0d5681c1b27a4ba1fede1cf4\",\"name\":\"Patrick DENIS\",\"image\":{\"@type\":\"ImageObject\",\"inLanguage\":\"fr-FR\",\"@id\":\"https:\\\/\\\/www.patrickdenis.info\\\/WordPress3\\\/wp-content\\\/uploads\\\/2023\\\/01\\\/cropped-logo_dp_texte-blanc-5.jpg\",\"url\":\"https:\\\/\\\/www.patrickdenis.info\\\/WordPress3\\\/wp-content\\\/uploads\\\/2023\\\/01\\\/cropped-logo_dp_texte-blanc-5.jpg\",\"contentUrl\":\"https:\\\/\\\/www.patrickdenis.info\\\/WordPress3\\\/wp-content\\\/uploads\\\/2023\\\/01\\\/cropped-logo_dp_texte-blanc-5.jpg\",\"width\":512,\"height\":512,\"caption\":\"Patrick DENIS\"},\"logo\":{\"@id\":\"https:\\\/\\\/www.patrickdenis.info\\\/WordPress3\\\/wp-content\\\/uploads\\\/2023\\\/01\\\/cropped-logo_dp_texte-blanc-5.jpg\"}}]}<\/script>\n<!-- \/ Yoast SEO plugin. -->","yoast_head_json":{"title":"Expo Festival d\u2019Avignon 2022 - Patrick DENIS Photographe","robots":{"index":"index","follow":"follow","max-snippet":"max-snippet:-1","max-image-preview":"max-image-preview:large","max-video-preview":"max-video-preview:-1"},"canonical":"https:\/\/www.patrickdenis.info\/WordPress3\/expo-photos-festival-davignon-2022\/","og_locale":"fr_FR","og_type":"article","og_title":"Expo Festival d\u2019Avignon 2022 - Patrick DENIS Photographe","og_description":"Exposition de photos dans le cadre de l&#8217;automne de Pernes les photos \u00e0 la chapelle des p\u00e9nitents blancs \u00e0 Pernes les Fontaines12 photos r\u00e9alis\u00e9es cet \u00e9t\u00e9 au festival d&#8217;Avignon Cliquez sur les photos qui d\u00e9filent ci-dessous pour plus d&#8217;informations sur le spectacle concern\u00e9 Pr\u00e9c\u00e9dent Suivant Un aper\u00e7u de l&#8217;expo accroch\u00e9e","og_url":"https:\/\/www.patrickdenis.info\/WordPress3\/expo-photos-festival-davignon-2022\/","og_site_name":"Patrick DENIS Photographe","article_published_time":"2022-10-24T16:53:19+00:00","article_modified_time":"2024-02-10T21:23:13+00:00","og_image":[{"width":724,"height":1024,"url":"https:\/\/www.patrickdenis.info\/WordPress3\/wp-content\/uploads\/2022\/10\/Affiche-2022-automne-724x1024.jpg","type":"image\/jpeg"}],"author":"Patrick DENIS","twitter_card":"summary_large_image","twitter_misc":{"\u00c9crit par":"Patrick DENIS","Dur\u00e9e de lecture estim\u00e9e":"1 minute"},"schema":{"@context":"https:\/\/schema.org","@graph":[{"@type":"Article","@id":"https:\/\/www.patrickdenis.info\/WordPress3\/expo-photos-festival-davignon-2022\/#article","isPartOf":{"@id":"https:\/\/www.patrickdenis.info\/WordPress3\/expo-photos-festival-davignon-2022\/"},"author":{"name":"Patrick DENIS","@id":"https:\/\/www.patrickdenis.info\/WordPress3\/#\/schema\/person\/d43605ef0d5681c1b27a4ba1fede1cf4"},"headline":"Expo Festival d\u2019Avignon 2022","datePublished":"2022-10-24T16:53:19+00:00","dateModified":"2024-02-10T21:23:13+00:00","mainEntityOfPage":{"@id":"https:\/\/www.patrickdenis.info\/WordPress3\/expo-photos-festival-davignon-2022\/"},"wordCount":64,"publisher":{"@id":"https:\/\/www.patrickdenis.info\/WordPress3\/#\/schema\/person\/d43605ef0d5681c1b27a4ba1fede1cf4"},"image":{"@id":"https:\/\/www.patrickdenis.info\/WordPress3\/expo-photos-festival-davignon-2022\/#primaryimage"},"thumbnailUrl":"https:\/\/www.patrickdenis.info\/WordPress3\/wp-content\/uploads\/2022\/10\/Affiche-2022-automne.jpg","articleSection":["Expositions","Festival Avignon"],"inLanguage":"fr-FR"},{"@type":"WebPage","@id":"https:\/\/www.patrickdenis.info\/WordPress3\/expo-photos-festival-davignon-2022\/","url":"https:\/\/www.patrickdenis.info\/WordPress3\/expo-photos-festival-davignon-2022\/","name":"Expo Festival d\u2019Avignon 2022 - Patrick DENIS Photographe","isPartOf":{"@id":"https:\/\/www.patrickdenis.info\/WordPress3\/#website"},"primaryImageOfPage":{"@id":"https:\/\/www.patrickdenis.info\/WordPress3\/expo-photos-festival-davignon-2022\/#primaryimage"},"image":{"@id":"https:\/\/www.patrickdenis.info\/WordPress3\/expo-photos-festival-davignon-2022\/#primaryimage"},"thumbnailUrl":"https:\/\/www.patrickdenis.info\/WordPress3\/wp-content\/uploads\/2022\/10\/Affiche-2022-automne.jpg","datePublished":"2022-10-24T16:53:19+00:00","dateModified":"2024-02-10T21:23:13+00:00","breadcrumb":{"@id":"https:\/\/www.patrickdenis.info\/WordPress3\/expo-photos-festival-davignon-2022\/#breadcrumb"},"inLanguage":"fr-FR","potentialAction":[{"@type":"ReadAction","target":["https:\/\/www.patrickdenis.info\/WordPress3\/expo-photos-festival-davignon-2022\/"]}]},{"@type":"ImageObject","inLanguage":"fr-FR","@id":"https:\/\/www.patrickdenis.info\/WordPress3\/expo-photos-festival-davignon-2022\/#primaryimage","url":"https:\/\/www.patrickdenis.info\/WordPress3\/wp-content\/uploads\/2022\/10\/Affiche-2022-automne.jpg","contentUrl":"https:\/\/www.patrickdenis.info\/WordPress3\/wp-content\/uploads\/2022\/10\/Affiche-2022-automne.jpg","width":1684,"height":2381},{"@type":"BreadcrumbList","@id":"https:\/\/www.patrickdenis.info\/WordPress3\/expo-photos-festival-davignon-2022\/#breadcrumb","itemListElement":[{"@type":"ListItem","position":1,"name":"Accueil","item":"https:\/\/www.patrickdenis.info\/WordPress3\/"},{"@type":"ListItem","position":2,"name":"Expo Festival d\u2019Avignon 2022"}]},{"@type":"WebSite","@id":"https:\/\/www.patrickdenis.info\/WordPress3\/#website","url":"https:\/\/www.patrickdenis.info\/WordPress3\/","name":"Patrick DENIS Photographe","description":"Arts vivants, Cirque, Concert, Danse, Spectacle","publisher":{"@id":"https:\/\/www.patrickdenis.info\/WordPress3\/#\/schema\/person\/d43605ef0d5681c1b27a4ba1fede1cf4"},"potentialAction":[{"@type":"SearchAction","target":{"@type":"EntryPoint","urlTemplate":"https:\/\/www.patrickdenis.info\/WordPress3\/?s={search_term_string}"},"query-input":{"@type":"PropertyValueSpecification","valueRequired":true,"valueName":"search_term_string"}}],"inLanguage":"fr-FR"},{"@type":["Person","Organization"],"@id":"https:\/\/www.patrickdenis.info\/WordPress3\/#\/schema\/person\/d43605ef0d5681c1b27a4ba1fede1cf4","name":"Patrick DENIS","image":{"@type":"ImageObject","inLanguage":"fr-FR","@id":"https:\/\/www.patrickdenis.info\/WordPress3\/wp-content\/uploads\/2023\/01\/cropped-logo_dp_texte-blanc-5.jpg","url":"https:\/\/www.patrickdenis.info\/WordPress3\/wp-content\/uploads\/2023\/01\/cropped-logo_dp_texte-blanc-5.jpg","contentUrl":"https:\/\/www.patrickdenis.info\/WordPress3\/wp-content\/uploads\/2023\/01\/cropped-logo_dp_texte-blanc-5.jpg","width":512,"height":512,"caption":"Patrick DENIS"},"logo":{"@id":"https:\/\/www.patrickdenis.info\/WordPress3\/wp-content\/uploads\/2023\/01\/cropped-logo_dp_texte-blanc-5.jpg"}}]}},"_links":{"self":[{"href":"https:\/\/www.patrickdenis.info\/WordPress3\/wp-json\/wp\/v2\/posts\/4058","targetHints":{"allow":["GET"]}}],"collection":[{"href":"https:\/\/www.patrickdenis.info\/WordPress3\/wp-json\/wp\/v2\/posts"}],"about":[{"href":"https:\/\/www.patrickdenis.info\/WordPress3\/wp-json\/wp\/v2\/types\/post"}],"author":[{"embeddable":true,"href":"https:\/\/www.patrickdenis.info\/WordPress3\/wp-json\/wp\/v2\/users\/1"}],"replies":[{"embeddable":true,"href":"https:\/\/www.patrickdenis.info\/WordPress3\/wp-json\/wp\/v2\/comments?post=4058"}],"version-history":[{"count":115,"href":"https:\/\/www.patrickdenis.info\/WordPress3\/wp-json\/wp\/v2\/posts\/4058\/revisions"}],"predecessor-version":[{"id":6604,"href":"https:\/\/www.patrickdenis.info\/WordPress3\/wp-json\/wp\/v2\/posts\/4058\/revisions\/6604"}],"wp:featuredmedia":[{"embeddable":true,"href":"https:\/\/www.patrickdenis.info\/WordPress3\/wp-json\/wp\/v2\/media\/4057"}],"wp:attachment":[{"href":"https:\/\/www.patrickdenis.info\/WordPress3\/wp-json\/wp\/v2\/media?parent=4058"}],"wp:term":[{"taxonomy":"category","embeddable":true,"href":"https:\/\/www.patrickdenis.info\/WordPress3\/wp-json\/wp\/v2\/categories?post=4058"},{"taxonomy":"post_tag","embeddable":true,"href":"https:\/\/www.patrickdenis.info\/WordPress3\/wp-json\/wp\/v2\/tags?post=4058"}],"curies":[{"name":"wp","href":"https:\/\/api.w.org\/{rel}","templated":true}]}}